{"id":3656,"date":"2026-04-29T06:09:09","date_gmt":"2026-04-29T09:09:09","guid":{"rendered":"https:\/\/vagas.portalemprego.com.br\/?p=3656"},"modified":"2026-04-29T06:09:09","modified_gmt":"2026-04-29T09:09:09","slug":"executivo-de-vendas-comercial-vendas-rio-de-janeiro-3","status":"publish","type":"post","link":"https:\/\/vagas.portalemprego.com.br\/?p=3656","title":{"rendered":"Executivo de Vendas &#8211; Comercial, Vendas &#8211; Rio de Janeiro"},"content":{"rendered":"<p>Empresa: Lalamove<br \/>\nCargo: Executivo de Vendas PAP<br \/>\nSal\u00e1rio: R$ 2.450,00<br \/>\nBenef\u00edcios: VR: R$ 25,00 ao dia \/ VA: R$ 220,00 \/ Auxilio Combust\u00edvel: R$1,20 por KM<br \/>\nLocal: Roteiro<\/p>\n<p>Turnos dispon\u00edveis:<br \/>\nSegunda \u00e0 Quinta das 8h \u00e0s 18h e Sexta \u00e0s 17h<\/p>\n<p>Requisitos:<br \/>\nExperi\u00eancia anterior em posi\u00e7\u00e3o de vendas externas, prospec\u00e7\u00e3o, abertura de<br \/>\nmercados e afins;<br \/>\nPossuir ve\u00edculo pr\u00f3prio;<br \/>\nTer experi\u00eancia na utiliza\u00e7\u00e3o de CRM\/Funil de vendas;<br \/>\nTer excelente comunica\u00e7\u00e3o verbal e escrita;<br \/>\nPossuir poder de negocia\u00e7\u00e3o e argumenta\u00e7\u00e3o para realizar vendas consultivas;<\/p>\n<ul>\n<li>Local de trabalho: Rio de Janeiro, RJ<\/li>\n<li>Regime de contrata\u00e7\u00e3o de tipo: Tempor\u00e1rio<\/li>\n<li>Jornada: Per\u00edodo Integral<\/li>\n<li>\u00c1rea e especializa\u00e7\u00e3o profissional: Comercial, Vendas &#8211; Venda Externa<\/li>\n<li>N\u00edvel hier\u00e1rquico: Gerente<\/li>\n<\/ul>\n<p>VALORIZADO<\/p>\n<p>Tempo de experi\u00eancia: Entre 1 e 3 anos<\/p>\n<p>Escolaridade M\u00ednima: Ensino M\u00e9dio (2\u00ba Grau)<\/p>\n<p>Sal\u00e1rio: 2450,0<\/p>\n","protected":false},"excerpt":{"rendered":"<p>Empresa: Lalamove Cargo: Executivo de Vendas PAP Sal\u00e1rio: R$ 2.450,00 Benef\u00edcios: VR: R$ 25,00 ao dia \/ VA: R$ 220,00 \/ Auxilio Combust\u00edvel: R$1,20 por KM Local: Roteiro Turnos dispon\u00edveis: Segunda \u00e0 Quinta das 8h \u00e0s 18h e Sexta \u00e0s 17h Requisitos: Experi\u00eancia anterior em posi\u00e7\u00e3o de vendas externas, prospec\u00e7\u00e3o, abertura de mercados e afins; [&hellip;]<\/p>\n","protected":false},"author":1,"featured_media":0,"comment_status":"open","ping_status":"open","sticky":false,"template":"","format":"standard","meta":{"footnotes":""},"categories":[21],"tags":[],"class_list":["post-3656","post","type-post","status-publish","format-standard","hentry","category-rio-de-janeiro-rj"],"_links":{"self":[{"href":"https:\/\/vagas.portalemprego.com.br\/index.php?rest_route=\/wp\/v2\/posts\/3656","targetHints":{"allow":["GET"]}}],"collection":[{"href":"https:\/\/vagas.portalemprego.com.br\/index.php?rest_route=\/wp\/v2\/posts"}],"about":[{"href":"https:\/\/vagas.portalemprego.com.br\/index.php?rest_route=\/wp\/v2\/types\/post"}],"author":[{"embeddable":true,"href":"https:\/\/vagas.portalemprego.com.br\/index.php?rest_route=\/wp\/v2\/users\/1"}],"replies":[{"embeddable":true,"href":"https:\/\/vagas.portalemprego.com.br\/index.php?rest_route=%2Fwp%2Fv2%2Fcomments&post=3656"}],"version-history":[{"count":0,"href":"https:\/\/vagas.portalemprego.com.br\/index.php?rest_route=\/wp\/v2\/posts\/3656\/revisions"}],"wp:attachment":[{"href":"https:\/\/vagas.portalemprego.com.br\/index.php?rest_route=%2Fwp%2Fv2%2Fmedia&parent=3656"}],"wp:term":[{"taxonomy":"category","embeddable":true,"href":"https:\/\/vagas.portalemprego.com.br\/index.php?rest_route=%2Fwp%2Fv2%2Fcategories&post=3656"},{"taxonomy":"post_tag","embeddable":true,"href":"https:\/\/vagas.portalemprego.com.br\/index.php?rest_route=%2Fwp%2Fv2%2Ftags&post=3656"}],"curies":[{"name":"wp","href":"https:\/\/api.w.org\/{rel}","templated":true}]}}