{"id":3659,"date":"2026-04-29T06:09:09","date_gmt":"2026-04-29T09:09:09","guid":{"rendered":"https:\/\/vagas.portalemprego.com.br\/?p=3659"},"modified":"2026-04-29T06:09:09","modified_gmt":"2026-04-29T09:09:09","slug":"eletricista-construcao-manutencao-rio-de-janeiro-4","status":"publish","type":"post","link":"https:\/\/vagas.portalemprego.com.br\/?p=3659","title":{"rendered":"Eletricista &#8211; Constru\u00e7\u00e3o, Manuten\u00e7\u00e3o &#8211; Rio de Janeiro"},"content":{"rendered":"<p>Oportunidade: Estamos buscando um Eletricista de Manuten\u00e7\u00e3o para se juntar ao nosso time na sede da empresa. A posi\u00e7\u00e3o oferece uma chance de contribuir para projetos importantes e desenvolver suas habilidades t\u00e9cnicas em um ambiente colaborativo.<br \/>\nDisponibilidade para servi\u00e7os eventuais fora de sua escala e desej\u00e1vel conhecimentos b\u00e1sicos em Office.<br \/>\nRealizar reparos el\u00e9tricos, sendo eles programados ou emergenciais.;<br \/>\nFazer manuten\u00e7\u00f5es el\u00e9tricas preventivas e corretivas;<br \/>\nAcompanhar toda e qualquer manuten\u00e7\u00e3o, instala\u00e7\u00e3o ou servi\u00e7o que possa comprometer a parte el\u00e9trica do local;<br \/>\nFazer o estudo de risco el\u00e9trico antes de qualquer a\u00e7\u00e3o preventiva ou corretiva ser executada;<br \/>\nFazer constantes an\u00e1lises de poss\u00edveis melhorias e adequa\u00e7\u00f5es nas instala\u00e7\u00f5es el\u00e9tricas,<br \/>\n Atuar nas rotinas de manuten\u00e7\u00e3o eletrica ou eletronica;<br \/>\nAcompanhamento das Ordem de Servi\u00e7o no sistema Maximo;<br \/>\nVerifica\u00e7\u00e3o e acompanhamento das Solicita\u00e7\u00f5es de Servi\u00e7o e abertura de chamados;<br \/>\n Confec\u00e7\u00e3o de Manuten\u00e7\u00f5es Preventivas, Corretivas e Preditivas; Acompanhamento do Plano de 52 Semanas.<br \/>\nAtividades administrativos em geral. Apoio a Supervis\u00e3o<br \/>\nObserva\u00e7\u00e3o:  NR 10 b\u00e1sico \/ SEP e NR 35 atualizados.<br \/>\nEsta oportunidade \u00e9 presencial e localizada na sede da empresa. Junte-se a n\u00f3s e fa\u00e7a parte de um projeto que valoriza o trabalho em equipe e o desenvolvimento cont\u00ednuo.<\/p>\n<ul>\n<li>N\u00famero de vagas: 3<\/li>\n<li>Local de trabalho: Rio de Janeiro, RJ<\/li>\n<li>Regime de contrata\u00e7\u00e3o de tipo: Efetivo \u2013 CLT<\/li>\n<li>Jornada: Per\u00edodo Integral<\/li>\n<li>\u00c1rea e especializa\u00e7\u00e3o profissional: Constru\u00e7\u00e3o, Manuten\u00e7\u00e3o &#8211; Eletricista \/ Manuten\u00e7\u00e3o El\u00e9trica<\/li>\n<li>N\u00edvel hier\u00e1rquico: Operacional<\/li>\n<\/ul>\n<p>VALORIZADO<\/p>\n<p>Tempo de experi\u00eancia: Entre 1 e 3 anos<\/p>\n<p>HABILIDADES<\/p>\n<ul>\n<li>Manuten\u00e7\u00e3o<\/li>\n<li>Organiza\u00e7\u00e3o<\/li>\n<li>Trabalho em equipe<\/li>\n<li>Eletricidade<\/li>\n<\/ul>\n<p>Escolaridade M\u00ednima: Curso T\u00e9cnico<\/p>\n<p>Forma\u00e7\u00e3o desejada:<\/p>\n<ul>\n<li>Ensino M\u00e9dio (2\u00ba Grau)<\/li>\n<\/ul>\n<ul>\n<li>Vale Alimenta\u00e7\u00e3o<\/li>\n<li>Vale transporte<\/li>\n<li>Plano de Sa\u00fade<\/li>\n<\/ul>\n<p>Sal\u00e1rio: 2473,74<\/p>\n","protected":false},"excerpt":{"rendered":"<p>Oportunidade: Estamos buscando um Eletricista de Manuten\u00e7\u00e3o para se juntar ao nosso time na sede da empresa. A posi\u00e7\u00e3o oferece uma chance de contribuir para projetos importantes e desenvolver suas habilidades t\u00e9cnicas em um ambiente colaborativo. Disponibilidade para servi\u00e7os eventuais fora de sua escala e desej\u00e1vel conhecimentos b\u00e1sicos em Office. Realizar reparos el\u00e9tricos, sendo eles [&hellip;]<\/p>\n","protected":false},"author":1,"featured_media":0,"comment_status":"open","ping_status":"open","sticky":false,"template":"","format":"standard","meta":{"footnotes":""},"categories":[21],"tags":[],"class_list":["post-3659","post","type-post","status-publish","format-standard","hentry","category-rio-de-janeiro-rj"],"_links":{"self":[{"href":"https:\/\/vagas.portalemprego.com.br\/index.php?rest_route=\/wp\/v2\/posts\/3659","targetHints":{"allow":["GET"]}}],"collection":[{"href":"https:\/\/vagas.portalemprego.com.br\/index.php?rest_route=\/wp\/v2\/posts"}],"about":[{"href":"https:\/\/vagas.portalemprego.com.br\/index.php?rest_route=\/wp\/v2\/types\/post"}],"author":[{"embeddable":true,"href":"https:\/\/vagas.portalemprego.com.br\/index.php?rest_route=\/wp\/v2\/users\/1"}],"replies":[{"embeddable":true,"href":"https:\/\/vagas.portalemprego.com.br\/index.php?rest_route=%2Fwp%2Fv2%2Fcomments&post=3659"}],"version-history":[{"count":0,"href":"https:\/\/vagas.portalemprego.com.br\/index.php?rest_route=\/wp\/v2\/posts\/3659\/revisions"}],"wp:attachment":[{"href":"https:\/\/vagas.portalemprego.com.br\/index.php?rest_route=%2Fwp%2Fv2%2Fmedia&parent=3659"}],"wp:term":[{"taxonomy":"category","embeddable":true,"href":"https:\/\/vagas.portalemprego.com.br\/index.php?rest_route=%2Fwp%2Fv2%2Fcategories&post=3659"},{"taxonomy":"post_tag","embeddable":true,"href":"https:\/\/vagas.portalemprego.com.br\/index.php?rest_route=%2Fwp%2Fv2%2Ftags&post=3659"}],"curies":[{"name":"wp","href":"https:\/\/api.w.org\/{rel}","templated":true}]}}