{"id":3660,"date":"2026-04-29T06:09:09","date_gmt":"2026-04-29T09:09:09","guid":{"rendered":"https:\/\/vagas.portalemprego.com.br\/?p=3660"},"modified":"2026-04-29T06:09:09","modified_gmt":"2026-04-29T09:09:09","slug":"auxiliar-de-producao-embalagem-e-fabricacao-industrial-producao-fabrica-rio-de-janeiro","status":"publish","type":"post","link":"https:\/\/vagas.portalemprego.com.br\/?p=3660","title":{"rendered":"Auxiliar de Produ\u00e7\u00e3o (Embalagem e Fabrica\u00e7\u00e3o) &#8211; Industrial, Produ\u00e7\u00e3o, F\u00e1brica &#8211; Rio de Janeiro"},"content":{"rendered":"<p>Auxiliar\u00a0na realiza\u00e7\u00e3o\u00a0de\u00a0diversas atividades\u00a0de\u00a0apoio ao processo produtivo junto \u00e0 embalagem dos medicamentos s\u00f3lidos, semiss\u00f3lidos e l\u00edquidos, assim como na embalagem prim\u00e1ria e secund\u00e1ria dos produtos, conferindo todo o material\u00a0de\u00a0embalagem recebido na produ\u00e7\u00e3o, separando o mesmo\u00a0de\u00a0acordo com cada lote a ser produzido juntamente com o produto semiacabado, conforme\u00a0descrito no espelho\u00a0de\u00a0produ\u00e7\u00e3o, inspecionando as linhas, preenchendo fichas t\u00e9cnicas, controle\u00a0de\u00a0produ\u00e7\u00e3o, realizando a identifica\u00e7\u00e3o, controles\u00a0de\u00a0temperatura e umidade, operando equipamentos\u00a0de\u00a0baixa complexidade como rotuladeiras, dobradoras\u00a0de\u00a0bula e codificadoras, entregando os lotes produzidos ao almoxarifado, bem como receber, organizar, distribuir e entregar as vestimentas utilizadas\u00a0dentro das salas produtivas, realizando a limpeza, sanitiza\u00e7\u00e3o e conserva\u00e7\u00e3o das instala\u00e7\u00f5es e equipamentos, zelando pela qualidade do ambiente fabril e realizando a identifica\u00e7\u00e3o, rebatimento e segrega\u00e7\u00e3o dos res\u00edduos gerados durante o processo, organizando documentos em geral, trabalhando em conformidade com normas e procedimentos\u00a0de\u00a0seguran\u00e7a, sa\u00fade\u00a0e higiene com foco nas boas pr\u00e1ticas\u00a0de\u00a0fabrica\u00e7\u00e3o, a fim\u00a0de\u00a0possibilitar a execu\u00e7\u00e3o\u00a0de\u00a0trabalhos, conforme procedimentos preestabelecidos.<br \/>\nHor\u00e1rios:<br \/>\n06h00 \u00e0s 15h00 (1 vaga)<br \/>\n13h00 \u00e0s 22h00 (1 vaga)<br \/>\n22h00 \u00e0s 06h00 (1 vaga)<\/p>\n<p>Fabrica\u00e7\u00e3o<br \/>\n22h00 \u00e0s 06h00 (1 vaga)<br \/>\n*5&#215;2, com disponibilidade de eventuais finais de semanas e trocas de turnos.<\/p>\n<ul>\n<li>N\u00famero de vagas: 4<\/li>\n<li>Local de trabalho: Rio de Janeiro, RJ<\/li>\n<li>Regime de contrata\u00e7\u00e3o de tipo: Efetivo \u2013 CLT<\/li>\n<li>Jornada: Per\u00edodo Integral<\/li>\n<li>\u00c1rea e especializa\u00e7\u00e3o profissional: Industrial, Produ\u00e7\u00e3o, F\u00e1brica &#8211; Produ\u00e7\u00e3o<\/li>\n<li>N\u00edvel hier\u00e1rquico: Auxiliar<\/li>\n<\/ul>\n<p>Escolaridade M\u00ednima: Ensino M\u00e9dio (2\u00ba Grau)<\/p>\n<p>Forma\u00e7\u00e3o desejada:<\/p>\n<ul>\n<li>Ensino M\u00e9dio (2\u00ba Grau)<\/li>\n<\/ul>\n<ul>\n<li>Refei\u00e7\u00e3o no local<\/li>\n<li>Seguro de Vida<\/li>\n<li>Assist\u00eancia odontol\u00f3gica<\/li>\n<li>Assist\u00eancia m\u00e9dica<\/li>\n<li>Vale-transporte<\/li>\n<\/ul>\n<p>Sal\u00e1rio: 3117,9<\/p>\n","protected":false},"excerpt":{"rendered":"<p>Auxiliar\u00a0na realiza\u00e7\u00e3o\u00a0de\u00a0diversas atividades\u00a0de\u00a0apoio ao processo produtivo junto \u00e0 embalagem dos medicamentos s\u00f3lidos, semiss\u00f3lidos e l\u00edquidos, assim como na embalagem prim\u00e1ria e secund\u00e1ria dos produtos, conferindo todo o material\u00a0de\u00a0embalagem recebido na produ\u00e7\u00e3o, separando o mesmo\u00a0de\u00a0acordo com cada lote a ser produzido juntamente com o produto semiacabado, conforme\u00a0descrito no espelho\u00a0de\u00a0produ\u00e7\u00e3o, inspecionando as linhas, preenchendo fichas t\u00e9cnicas, controle\u00a0de\u00a0produ\u00e7\u00e3o, [&hellip;]<\/p>\n","protected":false},"author":1,"featured_media":0,"comment_status":"open","ping_status":"open","sticky":false,"template":"","format":"standard","meta":{"footnotes":""},"categories":[21],"tags":[],"class_list":["post-3660","post","type-post","status-publish","format-standard","hentry","category-rio-de-janeiro-rj"],"_links":{"self":[{"href":"https:\/\/vagas.portalemprego.com.br\/index.php?rest_route=\/wp\/v2\/posts\/3660","targetHints":{"allow":["GET"]}}],"collection":[{"href":"https:\/\/vagas.portalemprego.com.br\/index.php?rest_route=\/wp\/v2\/posts"}],"about":[{"href":"https:\/\/vagas.portalemprego.com.br\/index.php?rest_route=\/wp\/v2\/types\/post"}],"author":[{"embeddable":true,"href":"https:\/\/vagas.portalemprego.com.br\/index.php?rest_route=\/wp\/v2\/users\/1"}],"replies":[{"embeddable":true,"href":"https:\/\/vagas.portalemprego.com.br\/index.php?rest_route=%2Fwp%2Fv2%2Fcomments&post=3660"}],"version-history":[{"count":0,"href":"https:\/\/vagas.portalemprego.com.br\/index.php?rest_route=\/wp\/v2\/posts\/3660\/revisions"}],"wp:attachment":[{"href":"https:\/\/vagas.portalemprego.com.br\/index.php?rest_route=%2Fwp%2Fv2%2Fmedia&parent=3660"}],"wp:term":[{"taxonomy":"category","embeddable":true,"href":"https:\/\/vagas.portalemprego.com.br\/index.php?rest_route=%2Fwp%2Fv2%2Fcategories&post=3660"},{"taxonomy":"post_tag","embeddable":true,"href":"https:\/\/vagas.portalemprego.com.br\/index.php?rest_route=%2Fwp%2Fv2%2Ftags&post=3660"}],"curies":[{"name":"wp","href":"https:\/\/api.w.org\/{rel}","templated":true}]}}