{"id":3662,"date":"2026-04-29T06:09:09","date_gmt":"2026-04-29T09:09:09","guid":{"rendered":"https:\/\/vagas.portalemprego.com.br\/?p=3662"},"modified":"2026-04-29T06:09:09","modified_gmt":"2026-04-29T09:09:09","slug":"mecanico-de-refrigeracao-industrial-producao-fabrica-rio-de-janeiro","status":"publish","type":"post","link":"https:\/\/vagas.portalemprego.com.br\/?p=3662","title":{"rendered":"Mecanico de Refrigera\u00e7\u00e3o &#8211; Industrial, Produ\u00e7\u00e3o, F\u00e1brica &#8211; Rio de Janeiro"},"content":{"rendered":"<p>Oportunidade: A TOP SERVICE SERVICOS E SISTEMAS S\/A est\u00e1 em busca de um Mec\u00e2nico de Refrigera\u00e7\u00e3o para se juntar \u00e0 nossa equipe. Esta \u00e9 uma chance de trabalhar em um ambiente din\u00e2mico e contribuir para a manuten\u00e7\u00e3o e reparo de sistemas de refrigera\u00e7\u00e3o.<br \/>\nFun\u00e7\u00f5es:<br \/>\nRealizar manuten\u00e7\u00e3o preventiva e corretiva em sistemas de refrigera\u00e7\u00e3o<br \/>\nDiagn\u00f3stico e reparo de falhas em equipamentos<br \/>\nAcompanhar normas t\u00e9cnicas e de seguran\u00e7a<br \/>\nColaborar com outros setores para garantir a efici\u00eancia operacional<\/p>\n<p>Requisitos:<br \/>\nExperi\u00eancia em manuten\u00e7\u00e3o de sistemas de refrigera\u00e7\u00e3o<br \/>\nConhecimento em normas t\u00e9cnicas e de seguran\u00e7a<br \/>\nCapacidade de trabalhar em equipe<br \/>\nEsta \u00e9 uma oportunidade para quem busca um cargo desafiador e gratificante em um ambiente de trabalho profissional e acolhedor.<\/p>\n<ul>\n<li>N\u00famero de vagas: 6<\/li>\n<li>Local de trabalho: Rio de Janeiro, RJ<\/li>\n<li>Regime de contrata\u00e7\u00e3o de tipo: Efetivo \u2013 CLT<\/li>\n<li>Jornada: Per\u00edodo Integral<\/li>\n<li>\u00c1rea e especializa\u00e7\u00e3o profissional: Industrial, Produ\u00e7\u00e3o, F\u00e1brica &#8211; Operador de M\u00e1quinas<\/li>\n<li>N\u00edvel hier\u00e1rquico: Operacional<\/li>\n<\/ul>\n<p>VALORIZADO<\/p>\n<p>Tempo de experi\u00eancia: Entre 1 e 3 anos<\/p>\n<p>HABILIDADES<\/p>\n<ul>\n<li>EXPERIENCIA: MINIMA 2 ANOS  FORMA\u00c7\u00c3O: ELETRICISTA PREDIAL OU ELETROTECNICO  CURSOS OBRIGATORIOS: NR 10 &#8211; NR 33 &#8211; NR35 (CERTIFICADOS VALIDOS 2 ANOS)<\/li>\n<\/ul>\n<p>Escolaridade M\u00ednima: Curso T\u00e9cnico<\/p>\n<ul>\n<li>VT: MODAL<\/li>\n<li>AM: KLINI<\/li>\n<li>VR: R$ 22,00\/DIA<\/li>\n<li>VA: R$ 39\/M\u00caS<\/li>\n<\/ul>\n<p>Sal\u00e1rio: 2511,98<\/p>\n","protected":false},"excerpt":{"rendered":"<p>Oportunidade: A TOP SERVICE SERVICOS E SISTEMAS S\/A est\u00e1 em busca de um Mec\u00e2nico de Refrigera\u00e7\u00e3o para se juntar \u00e0 nossa equipe. Esta \u00e9 uma chance de trabalhar em um ambiente din\u00e2mico e contribuir para a manuten\u00e7\u00e3o e reparo de sistemas de refrigera\u00e7\u00e3o. Fun\u00e7\u00f5es: Realizar manuten\u00e7\u00e3o preventiva e corretiva em sistemas de refrigera\u00e7\u00e3o Diagn\u00f3stico e [&hellip;]<\/p>\n","protected":false},"author":1,"featured_media":0,"comment_status":"open","ping_status":"open","sticky":false,"template":"","format":"standard","meta":{"footnotes":""},"categories":[21],"tags":[],"class_list":["post-3662","post","type-post","status-publish","format-standard","hentry","category-rio-de-janeiro-rj"],"_links":{"self":[{"href":"https:\/\/vagas.portalemprego.com.br\/index.php?rest_route=\/wp\/v2\/posts\/3662","targetHints":{"allow":["GET"]}}],"collection":[{"href":"https:\/\/vagas.portalemprego.com.br\/index.php?rest_route=\/wp\/v2\/posts"}],"about":[{"href":"https:\/\/vagas.portalemprego.com.br\/index.php?rest_route=\/wp\/v2\/types\/post"}],"author":[{"embeddable":true,"href":"https:\/\/vagas.portalemprego.com.br\/index.php?rest_route=\/wp\/v2\/users\/1"}],"replies":[{"embeddable":true,"href":"https:\/\/vagas.portalemprego.com.br\/index.php?rest_route=%2Fwp%2Fv2%2Fcomments&post=3662"}],"version-history":[{"count":0,"href":"https:\/\/vagas.portalemprego.com.br\/index.php?rest_route=\/wp\/v2\/posts\/3662\/revisions"}],"wp:attachment":[{"href":"https:\/\/vagas.portalemprego.com.br\/index.php?rest_route=%2Fwp%2Fv2%2Fmedia&parent=3662"}],"wp:term":[{"taxonomy":"category","embeddable":true,"href":"https:\/\/vagas.portalemprego.com.br\/index.php?rest_route=%2Fwp%2Fv2%2Fcategories&post=3662"},{"taxonomy":"post_tag","embeddable":true,"href":"https:\/\/vagas.portalemprego.com.br\/index.php?rest_route=%2Fwp%2Fv2%2Ftags&post=3662"}],"curies":[{"name":"wp","href":"https:\/\/api.w.org\/{rel}","templated":true}]}}