{"id":3675,"date":"2026-04-29T06:09:09","date_gmt":"2026-04-29T09:09:09","guid":{"rendered":"https:\/\/vagas.portalemprego.com.br\/?p=3675"},"modified":"2026-04-29T06:09:09","modified_gmt":"2026-04-29T09:09:09","slug":"advogado-juridica-rio-de-janeiro","status":"publish","type":"post","link":"https:\/\/vagas.portalemprego.com.br\/?p=3675","title":{"rendered":"Advogado &#8211; Jur\u00eddica &#8211; Rio de Janeiro"},"content":{"rendered":"<p>Pr\u00e9-Requisitos:<\/p>\n<p>Ensino Superior completo em Direito<br \/>\nExperi\u00eancia comprovada em carteira na \u00e1rea TRABALHISTA ou CIVIL<br \/>\nCarteira da OAB ativo e regular e Token<\/p>\n<p>Atividades:<br \/>\nSepara\u00e7\u00e3o e an\u00e1lise de documentos de processos.<br \/>\nElabora\u00e7\u00e3o de a\u00e7\u00f5es e\/ou contesta\u00e7\u00e3o (trabalhista e civis)<br \/>\nAcompanhamento di\u00e1rio de processos em sites.<br \/>\nRecolhimento e preenchimento das Grerjs, custas e guias previdenci\u00e1rias ap\u00f3s processos.<br \/>\nApoio e orienta\u00e7\u00f5es ao RH no que tange leis trabalhistas, sindicato etc.<br \/>\nDiligencias jur\u00eddicas externas (despachos com juiz na vara, protocolo, audi\u00eancia etc)<br \/>\nElabora\u00e7\u00e3o de defesa ap\u00f3s recebimento de autos de infra\u00e7\u00e3o do minist\u00e9rio p\u00fablico.<br \/>\nAnalisar e providenciar perito para a\u00e7\u00f5es trabalhistas sempre que necess\u00e1rio.<br \/>\nAcompanhamento de per\u00edcia e\/ ou assistente t\u00e9cnico e elabora\u00e7\u00e3o de perguntas sempre que necess\u00e1rio. <\/p>\n<p>Conhecimento:<\/p>\n<p>Pr\u00e1tica de C\u00edvel;<br \/>\nCobran\u00e7a;<br \/>\nParecer Jur\u00eddico<br \/>\nControles em geral;<br \/>\nProtocolos trabalhistas de Defesa 1\u00ba e 2\u00ba grau.<br \/>\nPareceres em geral incluindo quest\u00f5es previdenci\u00e1rias, sindicais e de departamento pessoal.<\/p>\n<p>Perfil:<\/p>\n<p>Resiliente;<br \/>\nProatividade;<br \/>\nSaber trabalhar sob press\u00e3o;<br \/>\nOrganiza\u00e7\u00e3o.<\/p>\n<p>Local de Trabalho: Bonsucesso<br \/>\nContrata\u00e7\u00e3o: CLT<br \/>\nHor\u00e1rio: 07:30 \u00e0s 17:33 seg a sex<\/p>\n<p>Sal\u00e1rio:   R$: 6.290,39<br \/>\nBenef\u00edcios: VT + Refei\u00e7\u00e3o+ (PS + PO ap\u00f3s o per\u00edodo de experi\u00eancia), Seguro de Vida e Aux\u00edlio Funeral.<\/p>\n<ul>\n<li>Local de trabalho: Rio de Janeiro, RJ<\/li>\n<li>Regime de contrata\u00e7\u00e3o de tipo: Efetivo \u2013 CLT<\/li>\n<li>Jornada: Per\u00edodo Integral<\/li>\n<li>\u00c1rea e especializa\u00e7\u00e3o profissional: Jur\u00eddica &#8211; Advocacia Geral<\/li>\n<li>N\u00edvel hier\u00e1rquico: Analista<\/li>\n<\/ul>\n<p>VALORIZADO<\/p>\n<p>Tempo de experi\u00eancia: Entre 3 e 5 anos<\/p>\n<p>Escolaridade M\u00ednima: Ensino Superior<\/p>\n<ul>\n<li>Vale-transporte<\/li>\n<li>Assist\u00eancia odontol\u00f3gica<\/li>\n<li>Assist\u00eancia m\u00e9dica<\/li>\n<li>Seguro de Vida<\/li>\n<li>Refei\u00e7\u00e3o no local<\/li>\n<\/ul>\n<p>Sal\u00e1rio: 5000,0<\/p>\n","protected":false},"excerpt":{"rendered":"<p>Pr\u00e9-Requisitos: Ensino Superior completo em Direito Experi\u00eancia comprovada em carteira na \u00e1rea TRABALHISTA ou CIVIL Carteira da OAB ativo e regular e Token Atividades: Separa\u00e7\u00e3o e an\u00e1lise de documentos de processos. Elabora\u00e7\u00e3o de a\u00e7\u00f5es e\/ou contesta\u00e7\u00e3o (trabalhista e civis) Acompanhamento di\u00e1rio de processos em sites. Recolhimento e preenchimento das Grerjs, custas e guias previdenci\u00e1rias ap\u00f3s [&hellip;]<\/p>\n","protected":false},"author":1,"featured_media":0,"comment_status":"open","ping_status":"open","sticky":false,"template":"","format":"standard","meta":{"footnotes":""},"categories":[21],"tags":[],"class_list":["post-3675","post","type-post","status-publish","format-standard","hentry","category-rio-de-janeiro-rj"],"_links":{"self":[{"href":"https:\/\/vagas.portalemprego.com.br\/index.php?rest_route=\/wp\/v2\/posts\/3675","targetHints":{"allow":["GET"]}}],"collection":[{"href":"https:\/\/vagas.portalemprego.com.br\/index.php?rest_route=\/wp\/v2\/posts"}],"about":[{"href":"https:\/\/vagas.portalemprego.com.br\/index.php?rest_route=\/wp\/v2\/types\/post"}],"author":[{"embeddable":true,"href":"https:\/\/vagas.portalemprego.com.br\/index.php?rest_route=\/wp\/v2\/users\/1"}],"replies":[{"embeddable":true,"href":"https:\/\/vagas.portalemprego.com.br\/index.php?rest_route=%2Fwp%2Fv2%2Fcomments&post=3675"}],"version-history":[{"count":0,"href":"https:\/\/vagas.portalemprego.com.br\/index.php?rest_route=\/wp\/v2\/posts\/3675\/revisions"}],"wp:attachment":[{"href":"https:\/\/vagas.portalemprego.com.br\/index.php?rest_route=%2Fwp%2Fv2%2Fmedia&parent=3675"}],"wp:term":[{"taxonomy":"category","embeddable":true,"href":"https:\/\/vagas.portalemprego.com.br\/index.php?rest_route=%2Fwp%2Fv2%2Fcategories&post=3675"},{"taxonomy":"post_tag","embeddable":true,"href":"https:\/\/vagas.portalemprego.com.br\/index.php?rest_route=%2Fwp%2Fv2%2Ftags&post=3675"}],"curies":[{"name":"wp","href":"https:\/\/api.w.org\/{rel}","templated":true}]}}