{"id":3679,"date":"2026-04-29T06:09:09","date_gmt":"2026-04-29T09:09:09","guid":{"rendered":"https:\/\/vagas.portalemprego.com.br\/?p=3679"},"modified":"2026-04-29T06:09:09","modified_gmt":"2026-04-29T09:09:09","slug":"auxiliar-de-cozinha-alimentacao-gastronomia-rio-de-janeiro-17","status":"publish","type":"post","link":"https:\/\/vagas.portalemprego.com.br\/?p=3679","title":{"rendered":"Auxiliar de Cozinha &#8211; Alimenta\u00e7\u00e3o \/ Gastronomia &#8211; Rio de Janeiro"},"content":{"rendered":"<p>Estamos em busca de um(a) Auxiliar de Cozinha comprometido(a), organizado(a) e proativo(a) para integrar nossa equipe. O profissional ser\u00e1 respons\u00e1vel por apoiar as atividades da cozinha, garantindo a qualidade, higiene e agilidade no preparo dos alimentos.<br \/>\nVagas e hor\u00e1rios em COPACABANA:<br \/>\nHOR\u00c1RIO MANH\u00c3: 10:30H  \u00c0S 18:50H<br \/>\nHOR\u00c1RIO NOITE: 17:30H \u00c0S 01:20H<br \/>\nVaga e hor\u00e1rio em LEBLON:<br \/>\nHOR\u00c1RIO TARDE: 13:00H \u00c0S 21:20H<br \/>\nRequisitos<\/p>\n<p>Experi\u00eancia pr\u00e9via na fun\u00e7\u00e3o ser\u00e1 um diferencial.<br \/>\nConhecimento b\u00e1sico em manipula\u00e7\u00e3o de alimentos e boas pr\u00e1ticas de higiene.<br \/>\nAgilidade, organiza\u00e7\u00e3o e aten\u00e7\u00e3o aos detalhes.<br \/>\nCapacidade de trabalhar em equipe.<br \/>\nDisponibilidade de hor\u00e1rio, inclusive finais de semana e feriados (se aplic\u00e1vel).<br \/>\nAtribui\u00e7\u00f5es<br \/>\nAuxiliar no preparo de alimentos (higieniza\u00e7\u00e3o, corte e porcionamento).<br \/>\nOrganizar e manter a limpeza da cozinha e dos utens\u00edlios.<br \/>\nAuxiliar na montagem de pratos e distribui\u00e7\u00e3o de refei\u00e7\u00f5es.<br \/>\nControlar e organizar estoque de alimentos.<br \/>\nSeguir normas de seguran\u00e7a alimentar e procedimentos internos.<br \/>\nApoiar o cozinheiro e demais membros da equipe conforme necessidade.<\/p>\n<ul>\n<li>N\u00famero de vagas: 3<\/li>\n<li>Local de trabalho: Rio de Janeiro, RJ<\/li>\n<li>Regime de contrata\u00e7\u00e3o de tipo: Efetivo \u2013 CLT<\/li>\n<li>Jornada: Per\u00edodo Integral<\/li>\n<li>\u00c1rea e especializa\u00e7\u00e3o profissional: Alimenta\u00e7\u00e3o \/ Gastronomia &#8211; Cozinha<\/li>\n<li>N\u00edvel hier\u00e1rquico: Auxiliar<\/li>\n<\/ul>\n<p>Escolaridade M\u00ednima: Ensino Fundamental (1\u00ba grau)<\/p>\n<p>Sal\u00e1rio: 2300,0<\/p>\n","protected":false},"excerpt":{"rendered":"<p>Estamos em busca de um(a) Auxiliar de Cozinha comprometido(a), organizado(a) e proativo(a) para integrar nossa equipe. O profissional ser\u00e1 respons\u00e1vel por apoiar as atividades da cozinha, garantindo a qualidade, higiene e agilidade no preparo dos alimentos. Vagas e hor\u00e1rios em COPACABANA: HOR\u00c1RIO MANH\u00c3: 10:30H \u00c0S 18:50H HOR\u00c1RIO NOITE: 17:30H \u00c0S 01:20H Vaga e hor\u00e1rio em [&hellip;]<\/p>\n","protected":false},"author":1,"featured_media":0,"comment_status":"open","ping_status":"open","sticky":false,"template":"","format":"standard","meta":{"footnotes":""},"categories":[21],"tags":[],"class_list":["post-3679","post","type-post","status-publish","format-standard","hentry","category-rio-de-janeiro-rj"],"_links":{"self":[{"href":"https:\/\/vagas.portalemprego.com.br\/index.php?rest_route=\/wp\/v2\/posts\/3679","targetHints":{"allow":["GET"]}}],"collection":[{"href":"https:\/\/vagas.portalemprego.com.br\/index.php?rest_route=\/wp\/v2\/posts"}],"about":[{"href":"https:\/\/vagas.portalemprego.com.br\/index.php?rest_route=\/wp\/v2\/types\/post"}],"author":[{"embeddable":true,"href":"https:\/\/vagas.portalemprego.com.br\/index.php?rest_route=\/wp\/v2\/users\/1"}],"replies":[{"embeddable":true,"href":"https:\/\/vagas.portalemprego.com.br\/index.php?rest_route=%2Fwp%2Fv2%2Fcomments&post=3679"}],"version-history":[{"count":0,"href":"https:\/\/vagas.portalemprego.com.br\/index.php?rest_route=\/wp\/v2\/posts\/3679\/revisions"}],"wp:attachment":[{"href":"https:\/\/vagas.portalemprego.com.br\/index.php?rest_route=%2Fwp%2Fv2%2Fmedia&parent=3679"}],"wp:term":[{"taxonomy":"category","embeddable":true,"href":"https:\/\/vagas.portalemprego.com.br\/index.php?rest_route=%2Fwp%2Fv2%2Fcategories&post=3679"},{"taxonomy":"post_tag","embeddable":true,"href":"https:\/\/vagas.portalemprego.com.br\/index.php?rest_route=%2Fwp%2Fv2%2Ftags&post=3679"}],"curies":[{"name":"wp","href":"https:\/\/api.w.org\/{rel}","templated":true}]}}