{"id":3681,"date":"2026-04-29T06:09:09","date_gmt":"2026-04-29T09:09:09","guid":{"rendered":"https:\/\/vagas.portalemprego.com.br\/?p=3681"},"modified":"2026-04-29T06:09:09","modified_gmt":"2026-04-29T09:09:09","slug":"auxiliar-de-limpeza-servicos-gerais-macae-6","status":"publish","type":"post","link":"https:\/\/vagas.portalemprego.com.br\/?p=3681","title":{"rendered":"Auxiliar de Limpeza &#8211; Servi\u00e7os Gerais &#8211; Maca\u00e9"},"content":{"rendered":"<p>Oportunidade: Estamos em busca de um Auxiliar de Limpeza para atuar em nossa sede. Se voc\u00ea tem experi\u00eancia em limpeza e busca uma oportunidade para aplicar suas habilidades em um ambiente profissional, esta \u00e9 a chance ideal.<br \/>\nFun\u00e7\u00f5es:<br \/>\nRealizar limpeza geral;<br \/>\nOrganizar e manter a higiene dos espa\u00e7os de trabalho<br \/>\nColaborar\u00a0com\u00a0outras\u00a0equipes\u00a0para\u00a0garantir\u00a0um\u00a0ambiente\u00a0limpo\u00a0e\u00a0seguro.<br \/>\nRequisitos:<br \/>\nExperi\u00eancia em limpeza<br \/>\nConhecimento em produtos e equipamentos de limpeza<br \/>\nCapacidade de trabalhar em equipe e individualmente<br \/>\nAtitude proativa e aten\u00e7\u00e3o aos detalhes<\/p>\n<p>Benef\u00edcios:<br \/>\nHor\u00e1rio Segunda \u00e0 s\u00e1bado<br \/>\nPlano de Sa\u00fade<br \/>\nPlano Odontol\u00f3gico ( Opcional )<br \/>\nVale Alimenta\u00e7\u00e3o<br \/>\nVale Transporte<br \/>\nAmbiente de trabalho colaborativo e respeitoso<br \/>\nEsta \u00e9 uma oportunidade para quem busca um trabalho de limpeza em um ambiente seguro e profissional. Venha fazer parte de nossa equipe!<\/p>\n<ul>\n<li>N\u00famero de vagas: 2<\/li>\n<li>Local de trabalho: Maca\u00e9, RJ<\/li>\n<li>Regime de contrata\u00e7\u00e3o de tipo: Efetivo \u2013 CLT<\/li>\n<li>Jornada: Per\u00edodo Integral<\/li>\n<li>\u00c1rea e especializa\u00e7\u00e3o profissional: Servi\u00e7os Gerais &#8211; Limpeza<\/li>\n<li>N\u00edvel hier\u00e1rquico: Auxiliar<\/li>\n<\/ul>\n<p>Escolaridade M\u00ednima: Ensino Fundamental (1\u00ba grau)<\/p>\n<p>Sal\u00e1rio: 1730,75<\/p>\n","protected":false},"excerpt":{"rendered":"<p>Oportunidade: Estamos em busca de um Auxiliar de Limpeza para atuar em nossa sede. Se voc\u00ea tem experi\u00eancia em limpeza e busca uma oportunidade para aplicar suas habilidades em um ambiente profissional, esta \u00e9 a chance ideal. Fun\u00e7\u00f5es: Realizar limpeza geral; Organizar e manter a higiene dos espa\u00e7os de trabalho Colaborar\u00a0com\u00a0outras\u00a0equipes\u00a0para\u00a0garantir\u00a0um\u00a0ambiente\u00a0limpo\u00a0e\u00a0seguro. Requisitos: Experi\u00eancia em limpeza [&hellip;]<\/p>\n","protected":false},"author":1,"featured_media":0,"comment_status":"open","ping_status":"open","sticky":false,"template":"","format":"standard","meta":{"footnotes":""},"categories":[21],"tags":[],"class_list":["post-3681","post","type-post","status-publish","format-standard","hentry","category-rio-de-janeiro-rj"],"_links":{"self":[{"href":"https:\/\/vagas.portalemprego.com.br\/index.php?rest_route=\/wp\/v2\/posts\/3681","targetHints":{"allow":["GET"]}}],"collection":[{"href":"https:\/\/vagas.portalemprego.com.br\/index.php?rest_route=\/wp\/v2\/posts"}],"about":[{"href":"https:\/\/vagas.portalemprego.com.br\/index.php?rest_route=\/wp\/v2\/types\/post"}],"author":[{"embeddable":true,"href":"https:\/\/vagas.portalemprego.com.br\/index.php?rest_route=\/wp\/v2\/users\/1"}],"replies":[{"embeddable":true,"href":"https:\/\/vagas.portalemprego.com.br\/index.php?rest_route=%2Fwp%2Fv2%2Fcomments&post=3681"}],"version-history":[{"count":0,"href":"https:\/\/vagas.portalemprego.com.br\/index.php?rest_route=\/wp\/v2\/posts\/3681\/revisions"}],"wp:attachment":[{"href":"https:\/\/vagas.portalemprego.com.br\/index.php?rest_route=%2Fwp%2Fv2%2Fmedia&parent=3681"}],"wp:term":[{"taxonomy":"category","embeddable":true,"href":"https:\/\/vagas.portalemprego.com.br\/index.php?rest_route=%2Fwp%2Fv2%2Fcategories&post=3681"},{"taxonomy":"post_tag","embeddable":true,"href":"https:\/\/vagas.portalemprego.com.br\/index.php?rest_route=%2Fwp%2Fv2%2Ftags&post=3681"}],"curies":[{"name":"wp","href":"https:\/\/api.w.org\/{rel}","templated":true}]}}