{"id":3682,"date":"2026-04-29T06:10:10","date_gmt":"2026-04-29T09:10:10","guid":{"rendered":"https:\/\/vagas.portalemprego.com.br\/?p=3682"},"modified":"2026-04-29T06:10:10","modified_gmt":"2026-04-29T09:10:10","slug":"auxiliar-de-cozinha-alimentacao-gastronomia-rio-de-janeiro-18","status":"publish","type":"post","link":"https:\/\/vagas.portalemprego.com.br\/?p=3682","title":{"rendered":"Auxiliar de Cozinha &#8211; Alimenta\u00e7\u00e3o \/ Gastronomia &#8211; Rio de Janeiro"},"content":{"rendered":"<p>O Gula Gula \u00e9 um restaurante carioca conhecido por seu card\u00e1pio variado, que combina saladas, grelhados, massas e sobremesas caseiras com um toque leve e contempor\u00e2neo.<br \/>\nVaga: Auxiliar de Cozinha<br \/>\nSal\u00e1rio base: R$ 1.628,00<br \/>\nEstimativa de gorjetas mensais: R$ 880,00<br \/>\nEscala: Vari\u00e1vel<br \/>\nRequisitos: Disponibilidade total de hor\u00e1rio.<br \/>\nBenef\u00edcios: Wellhub, plano de sa\u00fade (Amil) e plano odontol\u00f3gico (SulAm\u00e9rica)<\/p>\n<ul>\n<li>N\u00famero de vagas: 2<\/li>\n<li>Local de trabalho: Rio de Janeiro, RJ<\/li>\n<li>Regime de contrata\u00e7\u00e3o de tipo: Efetivo \u2013 CLT<\/li>\n<li>Jornada: Per\u00edodo Integral<\/li>\n<li>\u00c1rea e especializa\u00e7\u00e3o profissional: Alimenta\u00e7\u00e3o \/ Gastronomia &#8211; Cozinha<\/li>\n<li>N\u00edvel hier\u00e1rquico: Auxiliar<\/li>\n<\/ul>\n<p>Escolaridade M\u00ednima: Ensino M\u00e9dio (2\u00ba Grau)<\/p>\n<p>Sal\u00e1rio: 1628,0<\/p>\n","protected":false},"excerpt":{"rendered":"<p>O Gula Gula \u00e9 um restaurante carioca conhecido por seu card\u00e1pio variado, que combina saladas, grelhados, massas e sobremesas caseiras com um toque leve e contempor\u00e2neo. Vaga: Auxiliar de Cozinha Sal\u00e1rio base: R$ 1.628,00 Estimativa de gorjetas mensais: R$ 880,00 Escala: Vari\u00e1vel Requisitos: Disponibilidade total de hor\u00e1rio. Benef\u00edcios: Wellhub, plano de sa\u00fade (Amil) e plano [&hellip;]<\/p>\n","protected":false},"author":1,"featured_media":0,"comment_status":"open","ping_status":"open","sticky":false,"template":"","format":"standard","meta":{"footnotes":""},"categories":[21],"tags":[],"class_list":["post-3682","post","type-post","status-publish","format-standard","hentry","category-rio-de-janeiro-rj"],"_links":{"self":[{"href":"https:\/\/vagas.portalemprego.com.br\/index.php?rest_route=\/wp\/v2\/posts\/3682","targetHints":{"allow":["GET"]}}],"collection":[{"href":"https:\/\/vagas.portalemprego.com.br\/index.php?rest_route=\/wp\/v2\/posts"}],"about":[{"href":"https:\/\/vagas.portalemprego.com.br\/index.php?rest_route=\/wp\/v2\/types\/post"}],"author":[{"embeddable":true,"href":"https:\/\/vagas.portalemprego.com.br\/index.php?rest_route=\/wp\/v2\/users\/1"}],"replies":[{"embeddable":true,"href":"https:\/\/vagas.portalemprego.com.br\/index.php?rest_route=%2Fwp%2Fv2%2Fcomments&post=3682"}],"version-history":[{"count":0,"href":"https:\/\/vagas.portalemprego.com.br\/index.php?rest_route=\/wp\/v2\/posts\/3682\/revisions"}],"wp:attachment":[{"href":"https:\/\/vagas.portalemprego.com.br\/index.php?rest_route=%2Fwp%2Fv2%2Fmedia&parent=3682"}],"wp:term":[{"taxonomy":"category","embeddable":true,"href":"https:\/\/vagas.portalemprego.com.br\/index.php?rest_route=%2Fwp%2Fv2%2Fcategories&post=3682"},{"taxonomy":"post_tag","embeddable":true,"href":"https:\/\/vagas.portalemprego.com.br\/index.php?rest_route=%2Fwp%2Fv2%2Ftags&post=3682"}],"curies":[{"name":"wp","href":"https:\/\/api.w.org\/{rel}","templated":true}]}}