{"id":3683,"date":"2026-04-29T06:10:10","date_gmt":"2026-04-29T09:10:10","guid":{"rendered":"https:\/\/vagas.portalemprego.com.br\/?p=3683"},"modified":"2026-04-29T06:10:10","modified_gmt":"2026-04-29T09:10:10","slug":"jardineiro-servicos-gerais-macae","status":"publish","type":"post","link":"https:\/\/vagas.portalemprego.com.br\/?p=3683","title":{"rendered":"Jardineiro &#8211; Servi\u00e7os Gerais &#8211; Maca\u00e9"},"content":{"rendered":"<p>Oportunidade: Estamos em busca de um Jardineiro para se juntar ao nosso time. A posi\u00e7\u00e3o oferece a chance de cuidar de espa\u00e7os verdes, colaborando para a manuten\u00e7\u00e3o e o bem-estar do ambiente.<br \/>\nFun\u00e7\u00f5es:<br \/>\nGerenciar a manuten\u00e7\u00e3o de jardins e \u00e1reas verdes<br \/>\nCoordenar atividades de plantio e poda<br \/>\nAcompanhar a sa\u00fade das plantas e a execu\u00e7\u00e3o de projetos paisag\u00edsticos<br \/>\nColaborar com outros profissionais na execu\u00e7\u00e3o de tarefas relacionadas ao jardim<\/p>\n<p>Requisitos:<br \/>\nExperi\u00eancia em jardinagem,<br \/>\nManejo de plantas,<br \/>\nCapacidade de trabalhar em ambientes externos,<br \/>\nEscala: Segunda \u00e0 Sexta-feira<br \/>\nBenef\u00edcios:<br \/>\nOferecemos um ambiente de trabalho agrad\u00e1vel e colaborativo<br \/>\nVoc\u00ea ter\u00e1 acesso a um espa\u00e7o verde para o seu lazer e bem-estar.<br \/>\nPlano\u00a0de\u00a0Sa\u00fade,<br \/>\nPlano\u00a0Odontol\u00f3gico\u00a0(\u00a0Opcional\u00a0),<br \/>\nVale\u00a0Transporte.<br \/>\nVale Alimenta\u00e7\u00e3o.<br \/>\nA posi\u00e7\u00e3o \u00e9 presencial e localizada em Maca\u00e9.<\/p>\n<ul>\n<li>Local de trabalho: Maca\u00e9, RJ<\/li>\n<li>Regime de contrata\u00e7\u00e3o de tipo: Efetivo \u2013 CLT<\/li>\n<li>Jornada: Per\u00edodo Integral<\/li>\n<li>\u00c1rea e especializa\u00e7\u00e3o profissional: Servi\u00e7os Gerais &#8211; Jardinagem<\/li>\n<li>N\u00edvel hier\u00e1rquico: Operacional<\/li>\n<\/ul>\n<p>VALORIZADO<\/p>\n<p>Tempo de experi\u00eancia: Entre 1 e 3 anos<\/p>\n<p>Escolaridade M\u00ednima: Ensino Fundamental (1\u00ba grau)<\/p>\n","protected":false},"excerpt":{"rendered":"<p>Oportunidade: Estamos em busca de um Jardineiro para se juntar ao nosso time. A posi\u00e7\u00e3o oferece a chance de cuidar de espa\u00e7os verdes, colaborando para a manuten\u00e7\u00e3o e o bem-estar do ambiente. Fun\u00e7\u00f5es: Gerenciar a manuten\u00e7\u00e3o de jardins e \u00e1reas verdes Coordenar atividades de plantio e poda Acompanhar a sa\u00fade das plantas e a execu\u00e7\u00e3o [&hellip;]<\/p>\n","protected":false},"author":1,"featured_media":0,"comment_status":"open","ping_status":"open","sticky":false,"template":"","format":"standard","meta":{"footnotes":""},"categories":[21],"tags":[],"class_list":["post-3683","post","type-post","status-publish","format-standard","hentry","category-rio-de-janeiro-rj"],"_links":{"self":[{"href":"https:\/\/vagas.portalemprego.com.br\/index.php?rest_route=\/wp\/v2\/posts\/3683","targetHints":{"allow":["GET"]}}],"collection":[{"href":"https:\/\/vagas.portalemprego.com.br\/index.php?rest_route=\/wp\/v2\/posts"}],"about":[{"href":"https:\/\/vagas.portalemprego.com.br\/index.php?rest_route=\/wp\/v2\/types\/post"}],"author":[{"embeddable":true,"href":"https:\/\/vagas.portalemprego.com.br\/index.php?rest_route=\/wp\/v2\/users\/1"}],"replies":[{"embeddable":true,"href":"https:\/\/vagas.portalemprego.com.br\/index.php?rest_route=%2Fwp%2Fv2%2Fcomments&post=3683"}],"version-history":[{"count":0,"href":"https:\/\/vagas.portalemprego.com.br\/index.php?rest_route=\/wp\/v2\/posts\/3683\/revisions"}],"wp:attachment":[{"href":"https:\/\/vagas.portalemprego.com.br\/index.php?rest_route=%2Fwp%2Fv2%2Fmedia&parent=3683"}],"wp:term":[{"taxonomy":"category","embeddable":true,"href":"https:\/\/vagas.portalemprego.com.br\/index.php?rest_route=%2Fwp%2Fv2%2Fcategories&post=3683"},{"taxonomy":"post_tag","embeddable":true,"href":"https:\/\/vagas.portalemprego.com.br\/index.php?rest_route=%2Fwp%2Fv2%2Ftags&post=3683"}],"curies":[{"name":"wp","href":"https:\/\/api.w.org\/{rel}","templated":true}]}}