{"id":3685,"date":"2026-04-29T06:10:10","date_gmt":"2026-04-29T09:10:10","guid":{"rendered":"https:\/\/vagas.portalemprego.com.br\/?p=3685"},"modified":"2026-04-29T06:10:10","modified_gmt":"2026-04-29T09:10:10","slug":"tecnico-de-enfermagem-cme-uti-neonatal-uti-adulto-emergencia-saude-rio-de-janeiro","status":"publish","type":"post","link":"https:\/\/vagas.portalemprego.com.br\/?p=3685","title":{"rendered":"T\u00e9cnico de Enfermagem \u2013 CME | UTI Neonatal | UTI Adulto | Emerg\u00eancia &#8211; Sa\u00fade &#8211; Rio de Janeiro"},"content":{"rendered":"<p>?? VAGA \u2013 T\u00c9CNICO DE ENFERMAGEM<br \/>\n ?? Setores: CME | UTI Neonatal | UTI Adulto | Emerg\u00eancia<br \/>\nEstamos em busca de profissional com experi\u00eancia comprovada nas \u00e1reas de Central de Material e Esteriliza\u00e7\u00e3o (CME), UTI Neonatal, UTI Adulto e Emerg\u00eancia.<br \/>\n?? Principais responsabilidades:<br \/>\n\u2022 Assist\u00eancia direta e humanizada ao paciente<br \/>\n \u2022 Preparo e administra\u00e7\u00e3o de medicamentos conforme prescri\u00e7\u00e3o m\u00e9dica<br \/>\n \u2022 Monitoriza\u00e7\u00e3o de sinais vitais<br \/>\n \u2022 Organiza\u00e7\u00e3o e preparo de leitos<br \/>\n \u2022 Aux\u00edlio em procedimentos m\u00e9dicos e de enfermagem<br \/>\n \u2022 Atua\u00e7\u00e3o conforme protocolos de seguran\u00e7a e controle de infec\u00e7\u00e3o hospitalar<br \/>\n?? Requisitos:<br \/>\n? Experi\u00eancia na \u00e1rea<br \/>\n ? COREN ativo<br \/>\n ? Comprometimento e responsabilidade profissional<br \/>\n?? Contrata\u00e7\u00e3o: Tempor\u00e1ria + benef\u00edcios<br \/>\n?? Interessados entrar em contato pelos telefones:<br \/>\n (11) 97105-9748<br \/>\n (11) 94443-9431<br \/>\n (11) 94449-5892<\/p>\n<ul>\n<li>Local de trabalho: Rio de Janeiro, RJ<\/li>\n<li>Regime de contrata\u00e7\u00e3o de tipo: Tempor\u00e1rio<\/li>\n<li>Jornada: Per\u00edodo Integral<\/li>\n<li>\u00c1rea e especializa\u00e7\u00e3o profissional: Sa\u00fade &#8211; Enfermagem<\/li>\n<li>N\u00edvel hier\u00e1rquico: Operacional<\/li>\n<\/ul>\n<p>Escolaridade M\u00ednima: Curso T\u00e9cnico<\/p>\n","protected":false},"excerpt":{"rendered":"<p>?? VAGA \u2013 T\u00c9CNICO DE ENFERMAGEM ?? Setores: CME | UTI Neonatal | UTI Adulto | Emerg\u00eancia Estamos em busca de profissional com experi\u00eancia comprovada nas \u00e1reas de Central de Material e Esteriliza\u00e7\u00e3o (CME), UTI Neonatal, UTI Adulto e Emerg\u00eancia. ?? Principais responsabilidades: \u2022 Assist\u00eancia direta e humanizada ao paciente \u2022 Preparo e administra\u00e7\u00e3o de [&hellip;]<\/p>\n","protected":false},"author":1,"featured_media":0,"comment_status":"open","ping_status":"open","sticky":false,"template":"","format":"standard","meta":{"footnotes":""},"categories":[21],"tags":[],"class_list":["post-3685","post","type-post","status-publish","format-standard","hentry","category-rio-de-janeiro-rj"],"_links":{"self":[{"href":"https:\/\/vagas.portalemprego.com.br\/index.php?rest_route=\/wp\/v2\/posts\/3685","targetHints":{"allow":["GET"]}}],"collection":[{"href":"https:\/\/vagas.portalemprego.com.br\/index.php?rest_route=\/wp\/v2\/posts"}],"about":[{"href":"https:\/\/vagas.portalemprego.com.br\/index.php?rest_route=\/wp\/v2\/types\/post"}],"author":[{"embeddable":true,"href":"https:\/\/vagas.portalemprego.com.br\/index.php?rest_route=\/wp\/v2\/users\/1"}],"replies":[{"embeddable":true,"href":"https:\/\/vagas.portalemprego.com.br\/index.php?rest_route=%2Fwp%2Fv2%2Fcomments&post=3685"}],"version-history":[{"count":0,"href":"https:\/\/vagas.portalemprego.com.br\/index.php?rest_route=\/wp\/v2\/posts\/3685\/revisions"}],"wp:attachment":[{"href":"https:\/\/vagas.portalemprego.com.br\/index.php?rest_route=%2Fwp%2Fv2%2Fmedia&parent=3685"}],"wp:term":[{"taxonomy":"category","embeddable":true,"href":"https:\/\/vagas.portalemprego.com.br\/index.php?rest_route=%2Fwp%2Fv2%2Fcategories&post=3685"},{"taxonomy":"post_tag","embeddable":true,"href":"https:\/\/vagas.portalemprego.com.br\/index.php?rest_route=%2Fwp%2Fv2%2Ftags&post=3685"}],"curies":[{"name":"wp","href":"https:\/\/api.w.org\/{rel}","templated":true}]}}