{"id":3688,"date":"2026-04-29T06:10:10","date_gmt":"2026-04-29T09:10:10","guid":{"rendered":"https:\/\/vagas.portalemprego.com.br\/?p=3688"},"modified":"2026-04-29T06:10:10","modified_gmt":"2026-04-29T09:10:10","slug":"oficial-de-manutencao-construcao-manutencao-macae-3","status":"publish","type":"post","link":"https:\/\/vagas.portalemprego.com.br\/?p=3688","title":{"rendered":"Oficial de Manuten\u00e7\u00e3o &#8211; Constru\u00e7\u00e3o, Manuten\u00e7\u00e3o &#8211; Maca\u00e9"},"content":{"rendered":"<p>Oportunidade: Estamos buscando um Oficial de Manuten\u00e7\u00e3o para se juntar ao nosso time. O cargo \u00e9 essencial para garantir a efici\u00eancia e a funcionalidade das nossas instala\u00e7\u00f5es.<br \/>\nFun\u00e7\u00f5es:<br \/>\nGerenciar a manuten\u00e7\u00e3o preventiva e corretiva de equipamentos e instala\u00e7\u00f5es<br \/>\nCoordenar atividades de reparo e substitui\u00e7\u00e3o de pe\u00e7as<br \/>\nAcompanhar o cumprimento de normas de seguran\u00e7a e higiene<br \/>\nColaborar com outras equipes para garantir a funcionalidade cont\u00ednua<\/p>\n<p>Requisitos:<br \/>\nExperi\u00eancia em manuten\u00e7\u00e3o de instala\u00e7\u00f5es<br \/>\nConhecimento em normas de seguran\u00e7a e higiene<br \/>\nCapacidade de trabalhar em equipe<br \/>\nHabilidades de organiza\u00e7\u00e3o e planejamento<\/p>\n<p>Benef\u00edcios:<br \/>\nPlano de Sa\u00fade;<br \/>\nPlano Odontol\u00f3gico ( opcional );<br \/>\nVale Alimenta\u00e7\u00e3o,<br \/>\nVale Transporte,<br \/>\nInsalubridade 40%.<br \/>\nEscala de trabalho: 5&#215;2 ( segunda \u00e0 sexta- feira )<\/p>\n<ul>\n<li>N\u00famero de vagas: 3<\/li>\n<li>Local de trabalho: Maca\u00e9, RJ<\/li>\n<li>Regime de contrata\u00e7\u00e3o de tipo: Efetivo \u2013 CLT<\/li>\n<li>Jornada: Per\u00edodo Integral<\/li>\n<li>\u00c1rea e especializa\u00e7\u00e3o profissional: Constru\u00e7\u00e3o, Manuten\u00e7\u00e3o &#8211; Manuten\u00e7\u00e3o em Geral<\/li>\n<li>N\u00edvel hier\u00e1rquico: Operacional<\/li>\n<\/ul>\n<p>VALORIZADO<\/p>\n<p>Tempo de experi\u00eancia: Entre 1 e 3 anos<\/p>\n<p>Escolaridade M\u00ednima: Ensino M\u00e9dio (2\u00ba Grau)<\/p>\n<p>Sal\u00e1rio: 2215,18<\/p>\n","protected":false},"excerpt":{"rendered":"<p>Oportunidade: Estamos buscando um Oficial de Manuten\u00e7\u00e3o para se juntar ao nosso time. O cargo \u00e9 essencial para garantir a efici\u00eancia e a funcionalidade das nossas instala\u00e7\u00f5es. Fun\u00e7\u00f5es: Gerenciar a manuten\u00e7\u00e3o preventiva e corretiva de equipamentos e instala\u00e7\u00f5es Coordenar atividades de reparo e substitui\u00e7\u00e3o de pe\u00e7as Acompanhar o cumprimento de normas de seguran\u00e7a e higiene [&hellip;]<\/p>\n","protected":false},"author":1,"featured_media":0,"comment_status":"open","ping_status":"open","sticky":false,"template":"","format":"standard","meta":{"footnotes":""},"categories":[21],"tags":[],"class_list":["post-3688","post","type-post","status-publish","format-standard","hentry","category-rio-de-janeiro-rj"],"_links":{"self":[{"href":"https:\/\/vagas.portalemprego.com.br\/index.php?rest_route=\/wp\/v2\/posts\/3688","targetHints":{"allow":["GET"]}}],"collection":[{"href":"https:\/\/vagas.portalemprego.com.br\/index.php?rest_route=\/wp\/v2\/posts"}],"about":[{"href":"https:\/\/vagas.portalemprego.com.br\/index.php?rest_route=\/wp\/v2\/types\/post"}],"author":[{"embeddable":true,"href":"https:\/\/vagas.portalemprego.com.br\/index.php?rest_route=\/wp\/v2\/users\/1"}],"replies":[{"embeddable":true,"href":"https:\/\/vagas.portalemprego.com.br\/index.php?rest_route=%2Fwp%2Fv2%2Fcomments&post=3688"}],"version-history":[{"count":0,"href":"https:\/\/vagas.portalemprego.com.br\/index.php?rest_route=\/wp\/v2\/posts\/3688\/revisions"}],"wp:attachment":[{"href":"https:\/\/vagas.portalemprego.com.br\/index.php?rest_route=%2Fwp%2Fv2%2Fmedia&parent=3688"}],"wp:term":[{"taxonomy":"category","embeddable":true,"href":"https:\/\/vagas.portalemprego.com.br\/index.php?rest_route=%2Fwp%2Fv2%2Fcategories&post=3688"},{"taxonomy":"post_tag","embeddable":true,"href":"https:\/\/vagas.portalemprego.com.br\/index.php?rest_route=%2Fwp%2Fv2%2Ftags&post=3688"}],"curies":[{"name":"wp","href":"https:\/\/api.w.org\/{rel}","templated":true}]}}