{"id":3691,"date":"2026-04-29T06:10:10","date_gmt":"2026-04-29T09:10:10","guid":{"rendered":"https:\/\/vagas.portalemprego.com.br\/?p=3691"},"modified":"2026-04-29T06:10:10","modified_gmt":"2026-04-29T09:10:10","slug":"recepcionista-administracao-rio-de-janeiro-7","status":"publish","type":"post","link":"https:\/\/vagas.portalemprego.com.br\/?p=3691","title":{"rendered":"Recepcionista &#8211; Administra\u00e7\u00e3o &#8211; Rio de Janeiro"},"content":{"rendered":"<p>Oportunidade:<br \/>\nEstamos buscando um Recepcionista para se juntar ao Grupo GISA. O cargo \u00e9 essencial para garantir o bom funcionamento do nosso ambiente de trabalho e interagir com clientes e funcion\u00e1rios de forma agrad\u00e1vel e eficiente.<br \/>\nFun\u00e7\u00f5es:<br \/>\nAtendimento ao p\u00fablico<br \/>\nRecep\u00e7\u00e3o e orienta\u00e7\u00e3o de visitantes<br \/>\nCoordena\u00e7\u00e3o de agendamentos<br \/>\nManuten\u00e7\u00e3o da organiza\u00e7\u00e3o do espa\u00e7o<br \/>\nAux\u00edlio na comunica\u00e7\u00e3o interna<\/p>\n<p>Requisitos:<br \/>\nEnsino M\u00e9dio completo<br \/>\nExperi\u00eancia em atendimento ao p\u00fablico<br \/>\nCapacidade de trabalhar em equipe<br \/>\nOrganiza\u00e7\u00e3o e responsabilidade<br \/>\nPostura profissional e atitude proativa<br \/>\nSer usu\u00e1rios de computador &#8211; conhecimentos de b\u00e1sicos de inform\u00e1tica<\/p>\n<p>Benef\u00edcios:<br \/>\nAmbiente de trabalho agrad\u00e1vel<br \/>\nOportunidade de crescimento profissional<br \/>\nHor\u00e1rio comercial (Segunda a S\u00e1bado) &#8211; 44hs semanais<br \/>\nVale Transporte<br \/>\nAlimenta\u00e7\u00e3o (Cesta com alimentos, produtos de limpeza e produtos de higiene pessoal)<\/p>\n<p>Modalidade e localiza\u00e7\u00e3o:<br \/>\nPresencial na sede da empresa.<\/p>\n<ul>\n<li>N\u00famero de vagas: 2<\/li>\n<li>Local de trabalho: Rio de Janeiro, RJ<\/li>\n<li>Regime de contrata\u00e7\u00e3o de tipo: Efetivo \u2013 CLT<\/li>\n<li>Jornada: Per\u00edodo Integral<\/li>\n<li>\u00c1rea e especializa\u00e7\u00e3o profissional: Administra\u00e7\u00e3o &#8211; Secretariado<\/li>\n<li>N\u00edvel hier\u00e1rquico: Auxiliar<\/li>\n<\/ul>\n<p>VALORIZADO<\/p>\n<p>Tempo de experi\u00eancia: Entre 1 e 3 anos<\/p>\n<p>HABILIDADES<\/p>\n<ul>\n<li>Trabalhar com computador<\/li>\n<li>Pro atividade<\/li>\n<li>Ser detalhista<\/li>\n<li>Saber trabalhar em equipe<\/li>\n<li>Postura Profissional<\/li>\n<li>Responsabilidade<\/li>\n<li>Pontulidade<\/li>\n<li>Assiduidade<\/li>\n<li>Ensino M\u00e9dio Completo<\/li>\n<li>Organizado<\/li>\n<li>Gostar de lidar com o p\u00fablico<\/li>\n<\/ul>\n<p>Escolaridade M\u00ednima: Ensino M\u00e9dio (2\u00ba Grau)<\/p>\n<ul>\n<li>Alimenta\u00e7\u00e3o<\/li>\n<li>Vale Transporte<\/li>\n<\/ul>\n","protected":false},"excerpt":{"rendered":"<p>Oportunidade: Estamos buscando um Recepcionista para se juntar ao Grupo GISA. O cargo \u00e9 essencial para garantir o bom funcionamento do nosso ambiente de trabalho e interagir com clientes e funcion\u00e1rios de forma agrad\u00e1vel e eficiente. Fun\u00e7\u00f5es: Atendimento ao p\u00fablico Recep\u00e7\u00e3o e orienta\u00e7\u00e3o de visitantes Coordena\u00e7\u00e3o de agendamentos Manuten\u00e7\u00e3o da organiza\u00e7\u00e3o do espa\u00e7o Aux\u00edlio na [&hellip;]<\/p>\n","protected":false},"author":1,"featured_media":0,"comment_status":"open","ping_status":"open","sticky":false,"template":"","format":"standard","meta":{"footnotes":""},"categories":[21],"tags":[],"class_list":["post-3691","post","type-post","status-publish","format-standard","hentry","category-rio-de-janeiro-rj"],"_links":{"self":[{"href":"https:\/\/vagas.portalemprego.com.br\/index.php?rest_route=\/wp\/v2\/posts\/3691","targetHints":{"allow":["GET"]}}],"collection":[{"href":"https:\/\/vagas.portalemprego.com.br\/index.php?rest_route=\/wp\/v2\/posts"}],"about":[{"href":"https:\/\/vagas.portalemprego.com.br\/index.php?rest_route=\/wp\/v2\/types\/post"}],"author":[{"embeddable":true,"href":"https:\/\/vagas.portalemprego.com.br\/index.php?rest_route=\/wp\/v2\/users\/1"}],"replies":[{"embeddable":true,"href":"https:\/\/vagas.portalemprego.com.br\/index.php?rest_route=%2Fwp%2Fv2%2Fcomments&post=3691"}],"version-history":[{"count":0,"href":"https:\/\/vagas.portalemprego.com.br\/index.php?rest_route=\/wp\/v2\/posts\/3691\/revisions"}],"wp:attachment":[{"href":"https:\/\/vagas.portalemprego.com.br\/index.php?rest_route=%2Fwp%2Fv2%2Fmedia&parent=3691"}],"wp:term":[{"taxonomy":"category","embeddable":true,"href":"https:\/\/vagas.portalemprego.com.br\/index.php?rest_route=%2Fwp%2Fv2%2Fcategories&post=3691"},{"taxonomy":"post_tag","embeddable":true,"href":"https:\/\/vagas.portalemprego.com.br\/index.php?rest_route=%2Fwp%2Fv2%2Ftags&post=3691"}],"curies":[{"name":"wp","href":"https:\/\/api.w.org\/{rel}","templated":true}]}}