{"id":3693,"date":"2026-04-29T06:10:10","date_gmt":"2026-04-29T09:10:10","guid":{"rendered":"https:\/\/vagas.portalemprego.com.br\/?p=3693"},"modified":"2026-04-29T06:10:10","modified_gmt":"2026-04-29T09:10:10","slug":"bombeiro-civil-seguranca-rio-de-janeiro-3","status":"publish","type":"post","link":"https:\/\/vagas.portalemprego.com.br\/?p=3693","title":{"rendered":"Bombeiro Civil &#8211; Seguran\u00e7a &#8211; Rio de Janeiro"},"content":{"rendered":"<p>Oportunidade: busca-se profissional para a posi\u00e7\u00e3o de Bombeiro Civil em regime presencial.<br \/>\nFun\u00e7\u00f5es:<br \/>\nGerenciar opera\u00e7\u00f5es de seguran\u00e7a e preven\u00e7\u00e3o de inc\u00eandios<br \/>\nCoordenar equipes em situa\u00e7\u00f5es de emerg\u00eancia<br \/>\nAcompanhar protocolos de seguran\u00e7a e normas t\u00e9cnicas<br \/>\nColaborar com outros setores para garantir a integridade f\u00edsica dos colaboradores<\/p>\n<p>Requisitos:<br \/>\nExperi\u00eancia na \u00e1rea<br \/>\nDocumenta\u00e7\u00e3o de bombeiro atualizada\/em dia<\/p>\n<ul>\n<li>N\u00famero de vagas: 5<\/li>\n<li>Local de trabalho: Rio de Janeiro, RJ<\/li>\n<li>Regime de contrata\u00e7\u00e3o de tipo: Efetivo \u2013 CLT<\/li>\n<li>Jornada: Per\u00edodo Integral<\/li>\n<li>\u00c1rea e especializa\u00e7\u00e3o profissional: Seguran\u00e7a &#8211; Fiscaliza\u00e7\u00e3o<\/li>\n<li>N\u00edvel hier\u00e1rquico: Operacional<\/li>\n<\/ul>\n<p>Escolaridade M\u00ednima: Ensino M\u00e9dio (2\u00ba Grau)<\/p>\n<p>Sal\u00e1rio: 1857,0<\/p>\n","protected":false},"excerpt":{"rendered":"<p>Oportunidade: busca-se profissional para a posi\u00e7\u00e3o de Bombeiro Civil em regime presencial. Fun\u00e7\u00f5es: Gerenciar opera\u00e7\u00f5es de seguran\u00e7a e preven\u00e7\u00e3o de inc\u00eandios Coordenar equipes em situa\u00e7\u00f5es de emerg\u00eancia Acompanhar protocolos de seguran\u00e7a e normas t\u00e9cnicas Colaborar com outros setores para garantir a integridade f\u00edsica dos colaboradores Requisitos: Experi\u00eancia na \u00e1rea Documenta\u00e7\u00e3o de bombeiro atualizada\/em dia N\u00famero [&hellip;]<\/p>\n","protected":false},"author":1,"featured_media":0,"comment_status":"open","ping_status":"open","sticky":false,"template":"","format":"standard","meta":{"footnotes":""},"categories":[21],"tags":[],"class_list":["post-3693","post","type-post","status-publish","format-standard","hentry","category-rio-de-janeiro-rj"],"_links":{"self":[{"href":"https:\/\/vagas.portalemprego.com.br\/index.php?rest_route=\/wp\/v2\/posts\/3693","targetHints":{"allow":["GET"]}}],"collection":[{"href":"https:\/\/vagas.portalemprego.com.br\/index.php?rest_route=\/wp\/v2\/posts"}],"about":[{"href":"https:\/\/vagas.portalemprego.com.br\/index.php?rest_route=\/wp\/v2\/types\/post"}],"author":[{"embeddable":true,"href":"https:\/\/vagas.portalemprego.com.br\/index.php?rest_route=\/wp\/v2\/users\/1"}],"replies":[{"embeddable":true,"href":"https:\/\/vagas.portalemprego.com.br\/index.php?rest_route=%2Fwp%2Fv2%2Fcomments&post=3693"}],"version-history":[{"count":0,"href":"https:\/\/vagas.portalemprego.com.br\/index.php?rest_route=\/wp\/v2\/posts\/3693\/revisions"}],"wp:attachment":[{"href":"https:\/\/vagas.portalemprego.com.br\/index.php?rest_route=%2Fwp%2Fv2%2Fmedia&parent=3693"}],"wp:term":[{"taxonomy":"category","embeddable":true,"href":"https:\/\/vagas.portalemprego.com.br\/index.php?rest_route=%2Fwp%2Fv2%2Fcategories&post=3693"},{"taxonomy":"post_tag","embeddable":true,"href":"https:\/\/vagas.portalemprego.com.br\/index.php?rest_route=%2Fwp%2Fv2%2Ftags&post=3693"}],"curies":[{"name":"wp","href":"https:\/\/api.w.org\/{rel}","templated":true}]}}