{"id":3711,"date":"2026-04-29T06:11:11","date_gmt":"2026-04-29T09:11:11","guid":{"rendered":"https:\/\/vagas.portalemprego.com.br\/?p=3711"},"modified":"2026-04-29T06:11:11","modified_gmt":"2026-04-29T09:11:11","slug":"instalador-de-acessorios-automotivos-construcao-manutencao-barra-mansa","status":"publish","type":"post","link":"https:\/\/vagas.portalemprego.com.br\/?p=3711","title":{"rendered":"Instalador de Acess\u00f3rios Automotivos &#8211; Constru\u00e7\u00e3o, Manuten\u00e7\u00e3o &#8211; Barra Mansa"},"content":{"rendered":"<p>Responsabilidades e atribui\u00e7\u00f5es<br \/>\nInstala\u00e7\u00e3o e desbloqueio de multim\u00eddia;<br \/>\nM\u00f3dulo de vidro, sensor de r\u00e9, engate reboque, alarme e travas de vidro;<br \/>\nInstala\u00e7\u00e3o de frisos\/calhas, protetor de c\u00e1rter, pci, para-choque de impuls\u00e3o, farol de milha, instala\u00e7\u00e3o de buzina, troca e regulagem de l\u00e2mpadas e far\u00f3is;<br \/>\nExecutar\/auxiliar as demais atividades do Departamento.<br \/>\nRequisitos e qualifica\u00e7\u00f5es<br \/>\nEnsino M\u00e9dio Completo;<br \/>\nImprescind\u00edvel experi\u00eancia na \u00e1rea de instala\u00e7\u00e3o de acess\u00f3rios el\u00e9tricos e multim\u00eddia em ve\u00edculos;<br \/>\nCurso completo em Eletrot\u00e9cnica.<br \/>\n\u00a0<br \/>\nInforma\u00e7\u00f5es adicionais<br \/>\nLocal de trabalho: Roma Toyota &#8211; Barra Mansa;<br \/>\n\u00a0<br \/>\nBenef\u00edcios:<br \/>\n\u00a0<br \/>\nVale-transporte;<br \/>\nRefei\u00e7\u00e3o no local;<br \/>\nVale-alimenta\u00e7\u00e3o;<br \/>\nPlano odontol\u00f3gico;<br \/>\nBem-mais benef\u00edcios;<br \/>\nParcerias e conv\u00eanios diversos (Universidades, escola de Idioma, etc.);<br \/>\nPrograma Bem-Vindo Beb\u00ea;<br \/>\nPrograma \u201cEu indico a Roma\u201d;<br \/>\nParceria com o SESC que oferece acesso a teatro, hot\u00e9is, passeios, dentre outras atividades;<br \/>\nDesconto\u00a0na\u00a0aquisi\u00e7\u00e3o\u00a0de\u00a0produtos\u00a0e\u00a0servi\u00e7os\u00a0das\u00a0empresas\u00a0do\u00a0Grupo.<\/p>\n<ul>\n<li>Local de trabalho: Barra Mansa, RJ<\/li>\n<li>Regime de contrata\u00e7\u00e3o de tipo: Efetivo \u2013 CLT<\/li>\n<li>Jornada: Per\u00edodo Integral<\/li>\n<li>\u00c1rea e especializa\u00e7\u00e3o profissional: Constru\u00e7\u00e3o, Manuten\u00e7\u00e3o &#8211; Instala\u00e7\u00f5es em Geral<\/li>\n<li>N\u00edvel hier\u00e1rquico: Operacional<\/li>\n<\/ul>\n<p>VALORIZADO<\/p>\n<p>Tempo de experi\u00eancia: Entre 1 e 3 anos<\/p>\n<p>Escolaridade M\u00ednima: Ensino M\u00e9dio (2\u00ba Grau)<\/p>\n<ul>\n<li>Desconto\u00a0na\u00a0aquisi\u00e7\u00e3o\u00a0de\u00a0produtos\u00a0e\u00a0servi\u00e7os\u00a0das\u00a0empresas\u00a0do\u00a0Grupo<\/li>\n<li>Parceria com o SESC que oferece acesso a teatro, hot\u00e9is, passeios, dentre outras atividades<\/li>\n<li>Programa \u201cEu indico a Roma\u201d<\/li>\n<li>Programa Bem-Vindo Beb\u00ea<\/li>\n<li>Parcerias e conv\u00eanios diversos (Universidades, escola de Idioma, etc.)<\/li>\n<li>Vale-transporte<\/li>\n<li>Plano odontol\u00f3gico<\/li>\n<li>Vale-alimenta\u00e7\u00e3o<\/li>\n<li>Refei\u00e7\u00e3o no local<\/li>\n<li>Bem-mais benef\u00edcios<\/li>\n<\/ul>\n","protected":false},"excerpt":{"rendered":"<p>Responsabilidades e atribui\u00e7\u00f5es Instala\u00e7\u00e3o e desbloqueio de multim\u00eddia; M\u00f3dulo de vidro, sensor de r\u00e9, engate reboque, alarme e travas de vidro; Instala\u00e7\u00e3o de frisos\/calhas, protetor de c\u00e1rter, pci, para-choque de impuls\u00e3o, farol de milha, instala\u00e7\u00e3o de buzina, troca e regulagem de l\u00e2mpadas e far\u00f3is; Executar\/auxiliar as demais atividades do Departamento. Requisitos e qualifica\u00e7\u00f5es Ensino M\u00e9dio [&hellip;]<\/p>\n","protected":false},"author":1,"featured_media":0,"comment_status":"open","ping_status":"open","sticky":false,"template":"","format":"standard","meta":{"footnotes":""},"categories":[21],"tags":[],"class_list":["post-3711","post","type-post","status-publish","format-standard","hentry","category-rio-de-janeiro-rj"],"_links":{"self":[{"href":"https:\/\/vagas.portalemprego.com.br\/index.php?rest_route=\/wp\/v2\/posts\/3711","targetHints":{"allow":["GET"]}}],"collection":[{"href":"https:\/\/vagas.portalemprego.com.br\/index.php?rest_route=\/wp\/v2\/posts"}],"about":[{"href":"https:\/\/vagas.portalemprego.com.br\/index.php?rest_route=\/wp\/v2\/types\/post"}],"author":[{"embeddable":true,"href":"https:\/\/vagas.portalemprego.com.br\/index.php?rest_route=\/wp\/v2\/users\/1"}],"replies":[{"embeddable":true,"href":"https:\/\/vagas.portalemprego.com.br\/index.php?rest_route=%2Fwp%2Fv2%2Fcomments&post=3711"}],"version-history":[{"count":0,"href":"https:\/\/vagas.portalemprego.com.br\/index.php?rest_route=\/wp\/v2\/posts\/3711\/revisions"}],"wp:attachment":[{"href":"https:\/\/vagas.portalemprego.com.br\/index.php?rest_route=%2Fwp%2Fv2%2Fmedia&parent=3711"}],"wp:term":[{"taxonomy":"category","embeddable":true,"href":"https:\/\/vagas.portalemprego.com.br\/index.php?rest_route=%2Fwp%2Fv2%2Fcategories&post=3711"},{"taxonomy":"post_tag","embeddable":true,"href":"https:\/\/vagas.portalemprego.com.br\/index.php?rest_route=%2Fwp%2Fv2%2Ftags&post=3711"}],"curies":[{"name":"wp","href":"https:\/\/api.w.org\/{rel}","templated":true}]}}