{"id":3712,"date":"2026-04-29T06:11:11","date_gmt":"2026-04-29T09:11:11","guid":{"rendered":"https:\/\/vagas.portalemprego.com.br\/?p=3712"},"modified":"2026-04-29T06:11:11","modified_gmt":"2026-04-29T09:11:11","slug":"supervisor-de-rh-dp-recursos-humanos-rio-de-janeiro","status":"publish","type":"post","link":"https:\/\/vagas.portalemprego.com.br\/?p=3712","title":{"rendered":"Supervisor de RH\/DP &#8211; Recursos Humanos &#8211; Rio de Janeiro"},"content":{"rendered":"<p>A ATA-RH busca um Supervisor de RH\/DP para se juntar \u00e0 equipe. O cargo oferece uma oportunidade de contribuir para o desenvolvimento de pol\u00edticas e pr\u00e1ticas de recursos humanos em um ambiente din\u00e2mico.<br \/>\nFun\u00e7\u00f5es:<br \/>\nGerenciar atividades de departamento de pessoal;<br \/>\nCoordenar processos de recrutamento e sele\u00e7\u00e3o;<br \/>\nAcompanhar a implementa\u00e7\u00e3o de pol\u00edticas de RH;<br \/>\nColaborar com outras \u00e1reas para garantir a conformidade com normas trabalhistas.<\/p>\n<p>Requisitos:<br \/>\nExperi\u00eancia em gest\u00e3o de RH;<br \/>\nConhecimento em legisla\u00e7\u00e3o trabalhista;<br \/>\nCapacidade de liderar equipes.<\/p>\n<ul>\n<li>Local de trabalho: Rio de Janeiro, RJ<\/li>\n<li>Regime de contrata\u00e7\u00e3o de tipo: Tempor\u00e1rio<\/li>\n<li>Jornada: Per\u00edodo Integral<\/li>\n<li>\u00c1rea e especializa\u00e7\u00e3o profissional: Recursos Humanos &#8211; Recursos Humanos (Generalista)<\/li>\n<li>N\u00edvel hier\u00e1rquico: Supervisor<\/li>\n<\/ul>\n<p>VALORIZADO<\/p>\n<p>Tempo de experi\u00eancia: Entre 3 e 5 anos<\/p>\n<p>Escolaridade M\u00ednima: Ensino Superior<\/p>\n<p>Sal\u00e1rio: 3500,0<\/p>\n","protected":false},"excerpt":{"rendered":"<p>A ATA-RH busca um Supervisor de RH\/DP para se juntar \u00e0 equipe. O cargo oferece uma oportunidade de contribuir para o desenvolvimento de pol\u00edticas e pr\u00e1ticas de recursos humanos em um ambiente din\u00e2mico. Fun\u00e7\u00f5es: Gerenciar atividades de departamento de pessoal; Coordenar processos de recrutamento e sele\u00e7\u00e3o; Acompanhar a implementa\u00e7\u00e3o de pol\u00edticas de RH; Colaborar com [&hellip;]<\/p>\n","protected":false},"author":1,"featured_media":0,"comment_status":"open","ping_status":"open","sticky":false,"template":"","format":"standard","meta":{"footnotes":""},"categories":[21],"tags":[],"class_list":["post-3712","post","type-post","status-publish","format-standard","hentry","category-rio-de-janeiro-rj"],"_links":{"self":[{"href":"https:\/\/vagas.portalemprego.com.br\/index.php?rest_route=\/wp\/v2\/posts\/3712","targetHints":{"allow":["GET"]}}],"collection":[{"href":"https:\/\/vagas.portalemprego.com.br\/index.php?rest_route=\/wp\/v2\/posts"}],"about":[{"href":"https:\/\/vagas.portalemprego.com.br\/index.php?rest_route=\/wp\/v2\/types\/post"}],"author":[{"embeddable":true,"href":"https:\/\/vagas.portalemprego.com.br\/index.php?rest_route=\/wp\/v2\/users\/1"}],"replies":[{"embeddable":true,"href":"https:\/\/vagas.portalemprego.com.br\/index.php?rest_route=%2Fwp%2Fv2%2Fcomments&post=3712"}],"version-history":[{"count":0,"href":"https:\/\/vagas.portalemprego.com.br\/index.php?rest_route=\/wp\/v2\/posts\/3712\/revisions"}],"wp:attachment":[{"href":"https:\/\/vagas.portalemprego.com.br\/index.php?rest_route=%2Fwp%2Fv2%2Fmedia&parent=3712"}],"wp:term":[{"taxonomy":"category","embeddable":true,"href":"https:\/\/vagas.portalemprego.com.br\/index.php?rest_route=%2Fwp%2Fv2%2Fcategories&post=3712"},{"taxonomy":"post_tag","embeddable":true,"href":"https:\/\/vagas.portalemprego.com.br\/index.php?rest_route=%2Fwp%2Fv2%2Ftags&post=3712"}],"curies":[{"name":"wp","href":"https:\/\/api.w.org\/{rel}","templated":true}]}}