{"id":3713,"date":"2026-04-29T06:11:11","date_gmt":"2026-04-29T09:11:11","guid":{"rendered":"https:\/\/vagas.portalemprego.com.br\/?p=3713"},"modified":"2026-04-29T06:11:11","modified_gmt":"2026-04-29T09:11:11","slug":"analista-de-recursos-humanos-recursos-humanos-rio-de-janeiro-3","status":"publish","type":"post","link":"https:\/\/vagas.portalemprego.com.br\/?p=3713","title":{"rendered":"Analista de Recursos Humanos &#8211; Recursos Humanos &#8211; Rio de Janeiro"},"content":{"rendered":"<p>A ATA-RH est\u00e1 em busca de um Analista de Recursos Humanos. Se voc\u00ea tem interesse em contribuir para o desenvolvimento de equipes e busca um ambiente que valorize o trabalho em equipe e a inova\u00e7\u00e3o, esta \u00e9 a chance ideal para voc\u00ea.<br \/>\nFun\u00e7\u00f5es:<br \/>\nGerenciar processos de recrutamento e sele\u00e7\u00e3o<br \/>\nCoordenar atividades de integra\u00e7\u00e3o de novos colaboradores<br \/>\nAcompanhar a implementa\u00e7\u00e3o de pol\u00edticas de benef\u00edcios<br \/>\nControle de Folha de ponto<br \/>\nColaborar na organiza\u00e7\u00e3o de eventos internos<br \/>\nAtuar de modo generalista<\/p>\n<p>Requisitos:<br \/>\nExperi\u00eancia em recrutamento e sele\u00e7\u00e3o<br \/>\nConhecimento em pol\u00edticas de benef\u00edcios<br \/>\nCapacidade de coordenar e gerenciar projetos<br \/>\nHabilidade para trabalhar em equipe<\/p>\n<ul>\n<li>Local de trabalho: Rio de Janeiro, RJ<\/li>\n<li>Regime de contrata\u00e7\u00e3o de tipo: Tempor\u00e1rio<\/li>\n<li>Jornada: Per\u00edodo Integral<\/li>\n<li>\u00c1rea e especializa\u00e7\u00e3o profissional: Recursos Humanos &#8211; Recursos Humanos (Generalista)<\/li>\n<li>N\u00edvel hier\u00e1rquico: Analista<\/li>\n<\/ul>\n<p>VALORIZADO<\/p>\n<p>Tempo de experi\u00eancia: Entre 1 e 3 anos<\/p>\n<p>HABILIDADES<\/p>\n<ul>\n<li>Rescis\u00e3o<\/li>\n<li>Admiss\u00e3o<\/li>\n<\/ul>\n<p>Escolaridade M\u00ednima: Ensino Superior<\/p>\n<p>Sal\u00e1rio: 2800,0<\/p>\n","protected":false},"excerpt":{"rendered":"<p>A ATA-RH est\u00e1 em busca de um Analista de Recursos Humanos. Se voc\u00ea tem interesse em contribuir para o desenvolvimento de equipes e busca um ambiente que valorize o trabalho em equipe e a inova\u00e7\u00e3o, esta \u00e9 a chance ideal para voc\u00ea. Fun\u00e7\u00f5es: Gerenciar processos de recrutamento e sele\u00e7\u00e3o Coordenar atividades de integra\u00e7\u00e3o de novos [&hellip;]<\/p>\n","protected":false},"author":1,"featured_media":0,"comment_status":"open","ping_status":"open","sticky":false,"template":"","format":"standard","meta":{"footnotes":""},"categories":[21],"tags":[],"class_list":["post-3713","post","type-post","status-publish","format-standard","hentry","category-rio-de-janeiro-rj"],"_links":{"self":[{"href":"https:\/\/vagas.portalemprego.com.br\/index.php?rest_route=\/wp\/v2\/posts\/3713","targetHints":{"allow":["GET"]}}],"collection":[{"href":"https:\/\/vagas.portalemprego.com.br\/index.php?rest_route=\/wp\/v2\/posts"}],"about":[{"href":"https:\/\/vagas.portalemprego.com.br\/index.php?rest_route=\/wp\/v2\/types\/post"}],"author":[{"embeddable":true,"href":"https:\/\/vagas.portalemprego.com.br\/index.php?rest_route=\/wp\/v2\/users\/1"}],"replies":[{"embeddable":true,"href":"https:\/\/vagas.portalemprego.com.br\/index.php?rest_route=%2Fwp%2Fv2%2Fcomments&post=3713"}],"version-history":[{"count":0,"href":"https:\/\/vagas.portalemprego.com.br\/index.php?rest_route=\/wp\/v2\/posts\/3713\/revisions"}],"wp:attachment":[{"href":"https:\/\/vagas.portalemprego.com.br\/index.php?rest_route=%2Fwp%2Fv2%2Fmedia&parent=3713"}],"wp:term":[{"taxonomy":"category","embeddable":true,"href":"https:\/\/vagas.portalemprego.com.br\/index.php?rest_route=%2Fwp%2Fv2%2Fcategories&post=3713"},{"taxonomy":"post_tag","embeddable":true,"href":"https:\/\/vagas.portalemprego.com.br\/index.php?rest_route=%2Fwp%2Fv2%2Ftags&post=3713"}],"curies":[{"name":"wp","href":"https:\/\/api.w.org\/{rel}","templated":true}]}}