{"id":3718,"date":"2026-04-29T06:11:11","date_gmt":"2026-04-29T09:11:11","guid":{"rendered":"https:\/\/vagas.portalemprego.com.br\/?p=3718"},"modified":"2026-04-29T06:11:11","modified_gmt":"2026-04-29T09:11:11","slug":"analista-de-suporte-informatica-ti-telecomunicacoes-rio-de-janeiro","status":"publish","type":"post","link":"https:\/\/vagas.portalemprego.com.br\/?p=3718","title":{"rendered":"Analista de Suporte &#8211; Inform\u00e1tica, TI, Telecomunica\u00e7\u00f5es &#8211; Rio de Janeiro"},"content":{"rendered":"<p>VAGA TEMPOR\u00c1RIA  \u2013 registro RH Maior trabalhando dentro da ambev Jacarepagu\u00e1<br \/>\nLOCAL DE TRABALHO:  CDD Jacarepagu\u00e1<br \/>\nCARGO &#8211; Analista de Field Service Jr<br \/>\nMP (\u00c1rea): Field<br \/>\nProcesso: front Tech<br \/>\nSal\u00e1rio tempor\u00e1rio: 2.300<br \/>\nBENEF\u00cdCIOS temporario: vale transporte ou ajuda de custo TRANSPORTE: 352,00 m\u00eas  + vale refei\u00e7\u00e3o 24,80<br \/>\nHOR\u00c1RIO DE TRABALHO: Seg a qui das 8 \u00e0s 18h.  Sexta das 8 \u00e0s 17h.<br \/>\nAtividades do cargo:<br \/>\nSer\u00e1 respons\u00e1vel por toda demanda de TI<br \/>\nCrimpagem de um cabo<br \/>\nTestagem cabeamento<br \/>\nIdentifica\u00e7\u00e3o de um cabo Testes e fus\u00f5es de fibras<br \/>\nTestes Switches e roteador<br \/>\nMontagem de patch panel<br \/>\nConfigura\u00e7\u00e3o\/Formata\u00e7\u00e3o de PCs, Laptops e smartphones<br \/>\nConhecimento pacote office e ferramentas de colabora\u00e7\u00e3o<br \/>\nConhecimento sistema operacional (Windows)<br \/>\nAtendimento de tickets + suporte ao cliente<br \/>\nInvent\u00e1rio de ativos<br \/>\nRonda de TI \/ Fast field<br \/>\nEndere\u00e7o Ambev: Estrada de Jacarepagu\u00e1, 5895, Anil &#8211; Jacarepagu\u00e1 &#8211; RJ<\/p>\n<ul>\n<li>Local de trabalho: Rio de Janeiro, RJ<\/li>\n<li>Regime de contrata\u00e7\u00e3o de tipo: Tempor\u00e1rio<\/li>\n<li>Jornada: Per\u00edodo Integral<\/li>\n<li>\u00c1rea e especializa\u00e7\u00e3o profissional: Inform\u00e1tica, TI, Telecomunica\u00e7\u00f5es &#8211; Suporte T\u00e9cnico<\/li>\n<li>N\u00edvel hier\u00e1rquico: Analista<\/li>\n<\/ul>\n<p>VALORIZADO<\/p>\n<p>Tempo de experi\u00eancia: Entre 1 e 3 anos<\/p>\n<p>Escolaridade M\u00ednima: Ensino Superior<\/p>\n<p>Sal\u00e1rio: 2300,0<\/p>\n","protected":false},"excerpt":{"rendered":"<p>VAGA TEMPOR\u00c1RIA \u2013 registro RH Maior trabalhando dentro da ambev Jacarepagu\u00e1 LOCAL DE TRABALHO: CDD Jacarepagu\u00e1 CARGO &#8211; Analista de Field Service Jr MP (\u00c1rea): Field Processo: front Tech Sal\u00e1rio tempor\u00e1rio: 2.300 BENEF\u00cdCIOS temporario: vale transporte ou ajuda de custo TRANSPORTE: 352,00 m\u00eas + vale refei\u00e7\u00e3o 24,80 HOR\u00c1RIO DE TRABALHO: Seg a qui das 8 [&hellip;]<\/p>\n","protected":false},"author":1,"featured_media":0,"comment_status":"open","ping_status":"open","sticky":false,"template":"","format":"standard","meta":{"footnotes":""},"categories":[21],"tags":[],"class_list":["post-3718","post","type-post","status-publish","format-standard","hentry","category-rio-de-janeiro-rj"],"_links":{"self":[{"href":"https:\/\/vagas.portalemprego.com.br\/index.php?rest_route=\/wp\/v2\/posts\/3718","targetHints":{"allow":["GET"]}}],"collection":[{"href":"https:\/\/vagas.portalemprego.com.br\/index.php?rest_route=\/wp\/v2\/posts"}],"about":[{"href":"https:\/\/vagas.portalemprego.com.br\/index.php?rest_route=\/wp\/v2\/types\/post"}],"author":[{"embeddable":true,"href":"https:\/\/vagas.portalemprego.com.br\/index.php?rest_route=\/wp\/v2\/users\/1"}],"replies":[{"embeddable":true,"href":"https:\/\/vagas.portalemprego.com.br\/index.php?rest_route=%2Fwp%2Fv2%2Fcomments&post=3718"}],"version-history":[{"count":0,"href":"https:\/\/vagas.portalemprego.com.br\/index.php?rest_route=\/wp\/v2\/posts\/3718\/revisions"}],"wp:attachment":[{"href":"https:\/\/vagas.portalemprego.com.br\/index.php?rest_route=%2Fwp%2Fv2%2Fmedia&parent=3718"}],"wp:term":[{"taxonomy":"category","embeddable":true,"href":"https:\/\/vagas.portalemprego.com.br\/index.php?rest_route=%2Fwp%2Fv2%2Fcategories&post=3718"},{"taxonomy":"post_tag","embeddable":true,"href":"https:\/\/vagas.portalemprego.com.br\/index.php?rest_route=%2Fwp%2Fv2%2Ftags&post=3718"}],"curies":[{"name":"wp","href":"https:\/\/api.w.org\/{rel}","templated":true}]}}