{"id":3721,"date":"2026-04-29T06:11:11","date_gmt":"2026-04-29T09:11:11","guid":{"rendered":"https:\/\/vagas.portalemprego.com.br\/?p=3721"},"modified":"2026-04-29T06:11:11","modified_gmt":"2026-04-29T09:11:11","slug":"operador-de-empilhadeira-pcd-logistica-pirai","status":"publish","type":"post","link":"https:\/\/vagas.portalemprego.com.br\/?p=3721","title":{"rendered":"Operador de Empilhadeira (PCD) &#8211; Log\u00edstica &#8211; Pira\u00ed"},"content":{"rendered":"<p>Estamos\u00a0em\u00a0busca\u00a0de\u00a0um(a)\u00a0OPERADOR\u00a0DE\u00a0EMPILHADEIRA\u00a0(PCD) para\u00a0integrar\u00a0o\u00a0time\u00a0Softys\u00a0&#8211;\u00a0Pira\u00ed<br \/>\nModelo:\u00a0CLT\u00a0Presencial<br \/>\nLocal:\u00a0Unidade Pira\u00ed<br \/>\nEscala\u00a06&#215;2<br \/>\nPr\u00e9-requisitos:<br \/>\nEnsino\u00a0m\u00e9dio\u00a0completo;<br \/>\nExperi\u00eancia\u00a0profissional\u00a0como\u00a0Operador(a)\u00a0de\u00a0Empilhadeira\u00a0(m\u00ednimo\u00a06\u00a0meses);<br \/>\nCarteira\u00a0de\u00a0Habilita\u00e7\u00e3o\u00a0B;<br \/>\nCurso\u00a0de\u00a0forma\u00e7\u00e3o\u00a0Operador\u00a0de\u00a0empilhadeira\u00a0e\u00a0NR\u00a011\u00a0atualizados;<br \/>\nLaudo M\u00e9dico atualizado;<br \/>\nDisponibilidade\u00a0para\u00a0trabalho\u00a0no\u00a0turno;<br \/>\nBenef\u00edcios<br \/>\nVale\u00a0Alimenta\u00e7\u00e3o\u00a0&#8211;\u00a0R$550,00<br \/>\nAux\u00edlio\u00a0filho\u00a0excepcional<br \/>\nPPR<br \/>\nPlano\u00a0de\u00a0sa\u00fade\u00a0Sul America\u00a0(Sem\u00a0Mensalidade\u00a0para\u00a0o\u00a0titular)<br \/>\nPlano\u00a0odontol\u00f3gico\u00a0Bradesco<br \/>\nFretado<br \/>\nRefeit\u00f3rio\u00a0na\u00a0empresa<br \/>\nSeguro\u00a0de\u00a0vida<br \/>\nKit\u00a0Escolar\u00a0para\u00a0filhos\u00a0(6\u00a0a\u00a013\u00a0anos)<br \/>\nPresente\u00a0Natal\u00a0para\u00a0filhos\u00a0(0\u00a0a\u00a011\u00a0anos)<br \/>\nTotal\u00a0Pass\u00a0&#8211;\u00a0Conv\u00eanio\u00a0com\u00a0academia<\/p>\n<ul>\n<li>Local de trabalho: Pira\u00ed, RJ<\/li>\n<li>Regime de contrata\u00e7\u00e3o de tipo: Efetivo \u2013 CLT<\/li>\n<li>Jornada: Per\u00edodo Integral<\/li>\n<li>\u00c1rea e especializa\u00e7\u00e3o profissional: Log\u00edstica &#8211; Distribui\u00e7\u00e3o, Recebimento e Expedi\u00e7\u00e3o<\/li>\n<li>N\u00edvel hier\u00e1rquico: Operacional<\/li>\n<\/ul>\n<p>Escolaridade M\u00ednima: Ensino M\u00e9dio (2\u00ba Grau)<\/p>\n<p>Sal\u00e1rio: 3000,0<\/p>\n","protected":false},"excerpt":{"rendered":"<p>Estamos\u00a0em\u00a0busca\u00a0de\u00a0um(a)\u00a0OPERADOR\u00a0DE\u00a0EMPILHADEIRA\u00a0(PCD) para\u00a0integrar\u00a0o\u00a0time\u00a0Softys\u00a0&#8211;\u00a0Pira\u00ed Modelo:\u00a0CLT\u00a0Presencial Local:\u00a0Unidade Pira\u00ed Escala\u00a06&#215;2 Pr\u00e9-requisitos: Ensino\u00a0m\u00e9dio\u00a0completo; Experi\u00eancia\u00a0profissional\u00a0como\u00a0Operador(a)\u00a0de\u00a0Empilhadeira\u00a0(m\u00ednimo\u00a06\u00a0meses); Carteira\u00a0de\u00a0Habilita\u00e7\u00e3o\u00a0B; Curso\u00a0de\u00a0forma\u00e7\u00e3o\u00a0Operador\u00a0de\u00a0empilhadeira\u00a0e\u00a0NR\u00a011\u00a0atualizados; Laudo M\u00e9dico atualizado; Disponibilidade\u00a0para\u00a0trabalho\u00a0no\u00a0turno; Benef\u00edcios Vale\u00a0Alimenta\u00e7\u00e3o\u00a0&#8211;\u00a0R$550,00 Aux\u00edlio\u00a0filho\u00a0excepcional PPR Plano\u00a0de\u00a0sa\u00fade\u00a0Sul America\u00a0(Sem\u00a0Mensalidade\u00a0para\u00a0o\u00a0titular) Plano\u00a0odontol\u00f3gico\u00a0Bradesco Fretado Refeit\u00f3rio\u00a0na\u00a0empresa Seguro\u00a0de\u00a0vida Kit\u00a0Escolar\u00a0para\u00a0filhos\u00a0(6\u00a0a\u00a013\u00a0anos) Presente\u00a0Natal\u00a0para\u00a0filhos\u00a0(0\u00a0a\u00a011\u00a0anos) Total\u00a0Pass\u00a0&#8211;\u00a0Conv\u00eanio\u00a0com\u00a0academia Local de trabalho: Pira\u00ed, RJ Regime de contrata\u00e7\u00e3o de tipo: Efetivo \u2013 CLT Jornada: Per\u00edodo Integral \u00c1rea e especializa\u00e7\u00e3o profissional: Log\u00edstica &#8211; Distribui\u00e7\u00e3o, Recebimento e Expedi\u00e7\u00e3o N\u00edvel [&hellip;]<\/p>\n","protected":false},"author":1,"featured_media":0,"comment_status":"open","ping_status":"open","sticky":false,"template":"","format":"standard","meta":{"footnotes":""},"categories":[21],"tags":[],"class_list":["post-3721","post","type-post","status-publish","format-standard","hentry","category-rio-de-janeiro-rj"],"_links":{"self":[{"href":"https:\/\/vagas.portalemprego.com.br\/index.php?rest_route=\/wp\/v2\/posts\/3721","targetHints":{"allow":["GET"]}}],"collection":[{"href":"https:\/\/vagas.portalemprego.com.br\/index.php?rest_route=\/wp\/v2\/posts"}],"about":[{"href":"https:\/\/vagas.portalemprego.com.br\/index.php?rest_route=\/wp\/v2\/types\/post"}],"author":[{"embeddable":true,"href":"https:\/\/vagas.portalemprego.com.br\/index.php?rest_route=\/wp\/v2\/users\/1"}],"replies":[{"embeddable":true,"href":"https:\/\/vagas.portalemprego.com.br\/index.php?rest_route=%2Fwp%2Fv2%2Fcomments&post=3721"}],"version-history":[{"count":0,"href":"https:\/\/vagas.portalemprego.com.br\/index.php?rest_route=\/wp\/v2\/posts\/3721\/revisions"}],"wp:attachment":[{"href":"https:\/\/vagas.portalemprego.com.br\/index.php?rest_route=%2Fwp%2Fv2%2Fmedia&parent=3721"}],"wp:term":[{"taxonomy":"category","embeddable":true,"href":"https:\/\/vagas.portalemprego.com.br\/index.php?rest_route=%2Fwp%2Fv2%2Fcategories&post=3721"},{"taxonomy":"post_tag","embeddable":true,"href":"https:\/\/vagas.portalemprego.com.br\/index.php?rest_route=%2Fwp%2Fv2%2Ftags&post=3721"}],"curies":[{"name":"wp","href":"https:\/\/api.w.org\/{rel}","templated":true}]}}