{"id":3728,"date":"2026-04-29T06:12:12","date_gmt":"2026-04-29T09:12:12","guid":{"rendered":"https:\/\/vagas.portalemprego.com.br\/?p=3728"},"modified":"2026-04-29T06:12:12","modified_gmt":"2026-04-29T09:12:12","slug":"assistente-de-programacao-pleno-vaga-afirmativa-tambem-para-o-publico-pcd-administracao-rio-de-janeiro","status":"publish","type":"post","link":"https:\/\/vagas.portalemprego.com.br\/?p=3728","title":{"rendered":"Assistente de Programa\u00e7\u00e3o Pleno &#8211; Vaga afirmativa tamb\u00e9m para o p\u00fablico PCD &#8211; Administra\u00e7\u00e3o &#8211; Rio de Janeiro"},"content":{"rendered":"<p>Esta vaga tamb\u00e9m \u00e9 destinada a Pessoas com Defici\u00eancia (PCD). Valorizamos a diversidade e incentivamos a candidatura de profissionais de todos os perfis. Apoiar a an\u00e1lise de dados e a manuten\u00e7\u00e3o de dashboards em Excel e Power BI; Auxiliar na cria\u00e7\u00e3o e automatiza\u00e7\u00e3o de fluxos de melhoria e processos da \u00e1rea, utilizando Python, Power Automate e Apps; Realizar estudos de performance de conte\u00fado, concorr\u00eancia e tend\u00eancias de mercado (canais pagos e Globoplay); Apoiar na elabora\u00e7\u00e3o de relat\u00f3rios e apresenta\u00e7\u00f5es anal\u00edticas para suporte \u00e0s decis\u00f5es da \u00e1rea; Atuar em interface com \u00e1reas como programa\u00e7\u00e3o, conte\u00fado, pesquisa e comercial, organizando informa\u00e7\u00f5es e processos. No ManpowerGroup, a sua carreira tem um novo rumo! Se voc\u00ea est\u00e1 em busca de crescimento, desafios e um ambiente que valoriza o seu potencial, venha fazer parte do nosso time. Aqui, cada talento \u00e9 reconhecido e valorizado. !!<br \/>\nRequisitos e qualifica\u00e7\u00f5es<br \/>\nEnsino superior em andamento ou completo em Administra\u00e7\u00e3o, Comunica\u00e7\u00e3o, Marketing, M\u00eddia, Engenharia de Produ\u00e7\u00e3o ou \u00e1reas correlatas; Gradua\u00e7\u00e3o conclu\u00edda em Engenharia de Produ\u00e7\u00e3o, Administra\u00e7\u00e3o de Empresas, Marketing ou Comunica\u00e7\u00e3o Social (desej\u00e1vel). Idiomas: Ingl\u00eas \u2013 Intermedi\u00e1rio (desej\u00e1vel). Inform\u00e1tica: Pacote Office \u2013 Intermedi\u00e1rio\/Avan\u00e7ado (Excel e PowerPoint); Power BI \u2013 B\u00e1sico (desej\u00e1vel). Dom\u00ednio do Pacote Office, com foco em Excel e PowerPoint; Conhecimentos em Power BI (desej\u00e1vel); Conhecimentos em Python, Power Automate e Apps para automa\u00e7\u00e3o de processos; #AssistenteDeProgramacao #VagaAfirmativa #PCD #Inclusao #Oportunidade<\/p>\n<ul>\n<li>Local de trabalho: Rio de Janeiro, RJ<\/li>\n<li>Regime de contrata\u00e7\u00e3o de tipo: Tempor\u00e1rio<\/li>\n<li>Jornada: Per\u00edodo Integral<\/li>\n<li>\u00c1rea e especializa\u00e7\u00e3o profissional: Administra\u00e7\u00e3o &#8211; Administra\u00e7\u00e3o Geral<\/li>\n<li>N\u00edvel hier\u00e1rquico: Assistente<\/li>\n<\/ul>\n<p>Escolaridade M\u00ednima: Ensino Superior<\/p>\n<ul>\n<li>Vale Refei\u00e7\u00e3o;; Vale Transporte<\/li>\n<\/ul>\n<p>Sal\u00e1rio: 3680,0<\/p>\n","protected":false},"excerpt":{"rendered":"<p>Esta vaga tamb\u00e9m \u00e9 destinada a Pessoas com Defici\u00eancia (PCD). Valorizamos a diversidade e incentivamos a candidatura de profissionais de todos os perfis. Apoiar a an\u00e1lise de dados e a manuten\u00e7\u00e3o de dashboards em Excel e Power BI; Auxiliar na cria\u00e7\u00e3o e automatiza\u00e7\u00e3o de fluxos de melhoria e processos da \u00e1rea, utilizando Python, Power Automate [&hellip;]<\/p>\n","protected":false},"author":1,"featured_media":0,"comment_status":"open","ping_status":"open","sticky":false,"template":"","format":"standard","meta":{"footnotes":""},"categories":[21],"tags":[],"class_list":["post-3728","post","type-post","status-publish","format-standard","hentry","category-rio-de-janeiro-rj"],"_links":{"self":[{"href":"https:\/\/vagas.portalemprego.com.br\/index.php?rest_route=\/wp\/v2\/posts\/3728","targetHints":{"allow":["GET"]}}],"collection":[{"href":"https:\/\/vagas.portalemprego.com.br\/index.php?rest_route=\/wp\/v2\/posts"}],"about":[{"href":"https:\/\/vagas.portalemprego.com.br\/index.php?rest_route=\/wp\/v2\/types\/post"}],"author":[{"embeddable":true,"href":"https:\/\/vagas.portalemprego.com.br\/index.php?rest_route=\/wp\/v2\/users\/1"}],"replies":[{"embeddable":true,"href":"https:\/\/vagas.portalemprego.com.br\/index.php?rest_route=%2Fwp%2Fv2%2Fcomments&post=3728"}],"version-history":[{"count":0,"href":"https:\/\/vagas.portalemprego.com.br\/index.php?rest_route=\/wp\/v2\/posts\/3728\/revisions"}],"wp:attachment":[{"href":"https:\/\/vagas.portalemprego.com.br\/index.php?rest_route=%2Fwp%2Fv2%2Fmedia&parent=3728"}],"wp:term":[{"taxonomy":"category","embeddable":true,"href":"https:\/\/vagas.portalemprego.com.br\/index.php?rest_route=%2Fwp%2Fv2%2Fcategories&post=3728"},{"taxonomy":"post_tag","embeddable":true,"href":"https:\/\/vagas.portalemprego.com.br\/index.php?rest_route=%2Fwp%2Fv2%2Ftags&post=3728"}],"curies":[{"name":"wp","href":"https:\/\/api.w.org\/{rel}","templated":true}]}}