{"id":3730,"date":"2026-04-29T06:12:12","date_gmt":"2026-04-29T09:12:12","guid":{"rendered":"https:\/\/vagas.portalemprego.com.br\/?p=3730"},"modified":"2026-04-29T06:12:12","modified_gmt":"2026-04-29T09:12:12","slug":"assistente-fiscal-vaga-afirmativa-tambem-para-o-publico-pcd-contabil-financas-economia-rio-de-janeiro","status":"publish","type":"post","link":"https:\/\/vagas.portalemprego.com.br\/?p=3730","title":{"rendered":"Assistente Fiscal &#8211; Vaga afirmativa tamb\u00e9m para o p\u00fablico PCD &#8211; Cont\u00e1bil, Finan\u00e7as, Economia &#8211; Rio de Janeiro"},"content":{"rendered":"<p>Esta vaga tamb\u00e9m \u00e9 destinada a Pessoas com Defici\u00eancia (PCD). Valorizamos a diversidade e incentivamos a candidatura de profissionais de todos os perfis. Conferir os dados b\u00e1sicos da nota fiscal.; Validar o tipo de documento fiscal.; Verificar o CFOP e a natureza da opera\u00e7\u00e3o.; Conferir CST ou CSOSN, al\u00edquotas e base de c\u00e1lculo.; Validar a descri\u00e7\u00e3o e a ader\u00eancia do servi\u00e7o ou produto.; Conferir os valores apresentados.; Validar se a nota fiscal corresponde \u00e0 opera\u00e7\u00e3o realizada.; Verificar o preenchimento dos dados obrigat\u00f3rios.; Consultar a autenticidade da nota fiscal nos portais oficiais.; Organizar e anexar os documentos de suporte.; Realizar a classifica\u00e7\u00e3o fiscal e cont\u00e1bil no SAP.; Sinalizar diverg\u00eancias e solicitar as devidas corre\u00e7\u00f5es.; Registrar coment\u00e1rios e evid\u00eancias no sistema.; No ManpowerGroup, a sua carreira tem um novo rumo! Se voc\u00ea est\u00e1 em busca de crescimento, desafios e um ambiente que valoriza o seu potencial, venha fazer parte do nosso time. Aqui, cada talento \u00e9 reconhecido e valorizado. Candidate-se agora e transforme seu futuro com a gente !<br \/>\nRequisitos e qualifica\u00e7\u00f5es<br \/>\nEnsino Superior Cursando em Ci\u00eancias Cont\u00e1beis ou Administra\u00e7\u00e3o; Pacote Office Intermedi\u00e1rio; No\u00e7\u00f5es de an\u00e1lise fiscal e regras tribut\u00e1rias; Experi\u00eancia anterior na fun\u00e7\u00e3o; Desej\u00e1vel conhecimento em SAP. #AssistenteFiscal #VagaPCD #AreaFiscal #OportunidadeDeEmprego #InclusaoProfissional<\/p>\n<ul>\n<li>Local de trabalho: Rio de Janeiro, RJ<\/li>\n<li>Regime de contrata\u00e7\u00e3o de tipo: Tempor\u00e1rio<\/li>\n<li>Jornada: Per\u00edodo Integral<\/li>\n<li>\u00c1rea e especializa\u00e7\u00e3o profissional: Cont\u00e1bil, Finan\u00e7as, Economia &#8211; Fiscal<\/li>\n<li>N\u00edvel hier\u00e1rquico: Assistente<\/li>\n<\/ul>\n<p>Escolaridade M\u00ednima: Ensino Superior<\/p>\n<ul>\n<li>Vale Transporte Vale Refei\u00e7\u00e3o Plano de Sa\u00fade Plano Odontol\u00f3gico Seguro de Vida<\/li>\n<\/ul>\n<p>Sal\u00e1rio: 2800,0<\/p>\n","protected":false},"excerpt":{"rendered":"<p>Esta vaga tamb\u00e9m \u00e9 destinada a Pessoas com Defici\u00eancia (PCD). Valorizamos a diversidade e incentivamos a candidatura de profissionais de todos os perfis. Conferir os dados b\u00e1sicos da nota fiscal.; Validar o tipo de documento fiscal.; Verificar o CFOP e a natureza da opera\u00e7\u00e3o.; Conferir CST ou CSOSN, al\u00edquotas e base de c\u00e1lculo.; Validar a [&hellip;]<\/p>\n","protected":false},"author":1,"featured_media":0,"comment_status":"open","ping_status":"open","sticky":false,"template":"","format":"standard","meta":{"footnotes":""},"categories":[21],"tags":[],"class_list":["post-3730","post","type-post","status-publish","format-standard","hentry","category-rio-de-janeiro-rj"],"_links":{"self":[{"href":"https:\/\/vagas.portalemprego.com.br\/index.php?rest_route=\/wp\/v2\/posts\/3730","targetHints":{"allow":["GET"]}}],"collection":[{"href":"https:\/\/vagas.portalemprego.com.br\/index.php?rest_route=\/wp\/v2\/posts"}],"about":[{"href":"https:\/\/vagas.portalemprego.com.br\/index.php?rest_route=\/wp\/v2\/types\/post"}],"author":[{"embeddable":true,"href":"https:\/\/vagas.portalemprego.com.br\/index.php?rest_route=\/wp\/v2\/users\/1"}],"replies":[{"embeddable":true,"href":"https:\/\/vagas.portalemprego.com.br\/index.php?rest_route=%2Fwp%2Fv2%2Fcomments&post=3730"}],"version-history":[{"count":0,"href":"https:\/\/vagas.portalemprego.com.br\/index.php?rest_route=\/wp\/v2\/posts\/3730\/revisions"}],"wp:attachment":[{"href":"https:\/\/vagas.portalemprego.com.br\/index.php?rest_route=%2Fwp%2Fv2%2Fmedia&parent=3730"}],"wp:term":[{"taxonomy":"category","embeddable":true,"href":"https:\/\/vagas.portalemprego.com.br\/index.php?rest_route=%2Fwp%2Fv2%2Fcategories&post=3730"},{"taxonomy":"post_tag","embeddable":true,"href":"https:\/\/vagas.portalemprego.com.br\/index.php?rest_route=%2Fwp%2Fv2%2Ftags&post=3730"}],"curies":[{"name":"wp","href":"https:\/\/api.w.org\/{rel}","templated":true}]}}