{"id":3731,"date":"2026-04-29T06:12:12","date_gmt":"2026-04-29T09:12:12","guid":{"rendered":"https:\/\/vagas.portalemprego.com.br\/?p=3731"},"modified":"2026-04-29T06:12:12","modified_gmt":"2026-04-29T09:12:12","slug":"lider-de-manutencao-construcao-manutencao-petropolis-2","status":"publish","type":"post","link":"https:\/\/vagas.portalemprego.com.br\/?p=3731","title":{"rendered":"L\u00edder de Manuten\u00e7\u00e3o &#8211; Constru\u00e7\u00e3o, Manuten\u00e7\u00e3o &#8211; Petr\u00f3polis"},"content":{"rendered":"<p>Oportunidade: Estamos em busca de um L\u00edder de Manuten\u00e7\u00e3o para se juntar ao nosso time. A posi\u00e7\u00e3o \u00e9 essencial para garantir a efici\u00eancia e a funcionalidade das opera\u00e7\u00f5es di\u00e1rias.<br \/>\nFun\u00e7\u00f5es:<br \/>\nGerenciar equipes de manuten\u00e7\u00e3o<br \/>\nCoordenar atividades de reparo e manuten\u00e7\u00e3o preventiva<br \/>\nAcompanhar o desempenho da equipe e dos equipamentos<br \/>\nRealizar inspe\u00e7\u00f5es regulares e relat\u00f3rios de manuten\u00e7\u00e3o<br \/>\nColaborar com outros departamentos para resolver problemas t\u00e9cnicos<br \/>\nRequisitos:<br \/>\nExperi\u00eancia em gest\u00e3o de equipes de manuten\u00e7\u00e3o<br \/>\nConhecimento em sistemas de manuten\u00e7\u00e3o e reparo<br \/>\nCapacidade de planejar e organizar atividades de manuten\u00e7\u00e3o<br \/>\nHabilidade em comunica\u00e7\u00e3o e colabora\u00e7\u00e3o interdepartamental<\/p>\n<p>Benef\u00edcios:<br \/>\nOferecemos um ambiente de trabalho colaborativo<br \/>\nVoc\u00ea ter\u00e1 acesso a treinamentos e desenvolvimento profissional<br \/>\nAmbiente de trabalho seguro e estruturado.<br \/>\nEscala: Segunda \u00e0 Sexta-feira<br \/>\nA posi\u00e7\u00e3o \u00e9 presencial e espera-se comprometimento e dedica\u00e7\u00e3o para o sucesso da equipe, residir na regi\u00e3o de Petr\u00f3polis- RJ ou adjac\u00eancias.<\/p>\n<ul>\n<li>Local de trabalho: Petr\u00f3polis, RJ<\/li>\n<li>Regime de contrata\u00e7\u00e3o de tipo: Efetivo \u2013 CLT<\/li>\n<li>Jornada: Per\u00edodo Integral<\/li>\n<li>\u00c1rea e especializa\u00e7\u00e3o profissional: Constru\u00e7\u00e3o, Manuten\u00e7\u00e3o &#8211; Manuten\u00e7\u00e3o em Geral<\/li>\n<li>N\u00edvel hier\u00e1rquico: Operacional<\/li>\n<\/ul>\n<p>VALORIZADO<\/p>\n<p>Tempo de experi\u00eancia: Entre 1 e 3 anos<\/p>\n<p>Escolaridade M\u00ednima: Ensino M\u00e9dio (2\u00ba Grau)<\/p>\n<p>Sal\u00e1rio: 4042,13<\/p>\n","protected":false},"excerpt":{"rendered":"<p>Oportunidade: Estamos em busca de um L\u00edder de Manuten\u00e7\u00e3o para se juntar ao nosso time. A posi\u00e7\u00e3o \u00e9 essencial para garantir a efici\u00eancia e a funcionalidade das opera\u00e7\u00f5es di\u00e1rias. Fun\u00e7\u00f5es: Gerenciar equipes de manuten\u00e7\u00e3o Coordenar atividades de reparo e manuten\u00e7\u00e3o preventiva Acompanhar o desempenho da equipe e dos equipamentos Realizar inspe\u00e7\u00f5es regulares e relat\u00f3rios de [&hellip;]<\/p>\n","protected":false},"author":1,"featured_media":0,"comment_status":"open","ping_status":"open","sticky":false,"template":"","format":"standard","meta":{"footnotes":""},"categories":[21],"tags":[],"class_list":["post-3731","post","type-post","status-publish","format-standard","hentry","category-rio-de-janeiro-rj"],"_links":{"self":[{"href":"https:\/\/vagas.portalemprego.com.br\/index.php?rest_route=\/wp\/v2\/posts\/3731","targetHints":{"allow":["GET"]}}],"collection":[{"href":"https:\/\/vagas.portalemprego.com.br\/index.php?rest_route=\/wp\/v2\/posts"}],"about":[{"href":"https:\/\/vagas.portalemprego.com.br\/index.php?rest_route=\/wp\/v2\/types\/post"}],"author":[{"embeddable":true,"href":"https:\/\/vagas.portalemprego.com.br\/index.php?rest_route=\/wp\/v2\/users\/1"}],"replies":[{"embeddable":true,"href":"https:\/\/vagas.portalemprego.com.br\/index.php?rest_route=%2Fwp%2Fv2%2Fcomments&post=3731"}],"version-history":[{"count":0,"href":"https:\/\/vagas.portalemprego.com.br\/index.php?rest_route=\/wp\/v2\/posts\/3731\/revisions"}],"wp:attachment":[{"href":"https:\/\/vagas.portalemprego.com.br\/index.php?rest_route=%2Fwp%2Fv2%2Fmedia&parent=3731"}],"wp:term":[{"taxonomy":"category","embeddable":true,"href":"https:\/\/vagas.portalemprego.com.br\/index.php?rest_route=%2Fwp%2Fv2%2Fcategories&post=3731"},{"taxonomy":"post_tag","embeddable":true,"href":"https:\/\/vagas.portalemprego.com.br\/index.php?rest_route=%2Fwp%2Fv2%2Ftags&post=3731"}],"curies":[{"name":"wp","href":"https:\/\/api.w.org\/{rel}","templated":true}]}}