{"id":3732,"date":"2026-04-29T06:12:12","date_gmt":"2026-04-29T09:12:12","guid":{"rendered":"https:\/\/vagas.portalemprego.com.br\/?p=3732"},"modified":"2026-04-29T06:12:12","modified_gmt":"2026-04-29T09:12:12","slug":"motorista-hab-b-transportes-rio-de-janeiro","status":"publish","type":"post","link":"https:\/\/vagas.portalemprego.com.br\/?p=3732","title":{"rendered":"Motorista &#8211; Hab B &#8211; Transportes &#8211; Rio de Janeiro"},"content":{"rendered":"<p>Motorista &#8211; Hab B<br \/>\nA ATA-RH busca um profissional para a posi\u00e7\u00e3o de Motorista com habilita\u00e7\u00e3o B. A oportunidade \u00e9 para atua\u00e7\u00e3o presencial em nosso cliente, empresa de log\u00edstica.<br \/>\nFun\u00e7\u00f5es<br \/>\nAcompanhar e gerenciar rotas de entregas;<br \/>\nCoordenar o transporte de mercadorias;<br \/>\nRealizar inspe\u00e7\u00f5es preventivas do ve\u00edculo;<br \/>\nManter comunica\u00e7\u00e3o com a equipe sobre o status das entregas.<\/p>\n<p>Requisitos<br \/>\nExperi\u00eancia em dire\u00e7\u00e3o de ve\u00edculos com habilita\u00e7\u00e3o B;<br \/>\nConhecimento em normas de tr\u00e2nsito;<br \/>\nCapacidade de gerenciar tempo e rotas de forma eficiente.<\/p>\n<ul>\n<li>Local de trabalho: Rio de Janeiro, RJ<\/li>\n<li>Regime de contrata\u00e7\u00e3o de tipo: Tempor\u00e1rio<\/li>\n<li>Jornada: Per\u00edodo Integral<\/li>\n<li>\u00c1rea e especializa\u00e7\u00e3o profissional: Transportes &#8211; Motorista &#8211; Hab B<\/li>\n<li>N\u00edvel hier\u00e1rquico: Operacional<\/li>\n<\/ul>\n<p>VALORIZADO<\/p>\n<p>Tempo de experi\u00eancia: Entre 1 e 3 anos<\/p>\n<p>Escolaridade M\u00ednima: Ensino M\u00e9dio (2\u00ba Grau)<\/p>\n<p>Habilita\u00e7\u00e3o para dirigir: B<\/p>\n<p>Sal\u00e1rio: 1900,0<\/p>\n","protected":false},"excerpt":{"rendered":"<p>Motorista &#8211; Hab B A ATA-RH busca um profissional para a posi\u00e7\u00e3o de Motorista com habilita\u00e7\u00e3o B. A oportunidade \u00e9 para atua\u00e7\u00e3o presencial em nosso cliente, empresa de log\u00edstica. Fun\u00e7\u00f5es Acompanhar e gerenciar rotas de entregas; Coordenar o transporte de mercadorias; Realizar inspe\u00e7\u00f5es preventivas do ve\u00edculo; Manter comunica\u00e7\u00e3o com a equipe sobre o status das [&hellip;]<\/p>\n","protected":false},"author":1,"featured_media":0,"comment_status":"open","ping_status":"open","sticky":false,"template":"","format":"standard","meta":{"footnotes":""},"categories":[21],"tags":[],"class_list":["post-3732","post","type-post","status-publish","format-standard","hentry","category-rio-de-janeiro-rj"],"_links":{"self":[{"href":"https:\/\/vagas.portalemprego.com.br\/index.php?rest_route=\/wp\/v2\/posts\/3732","targetHints":{"allow":["GET"]}}],"collection":[{"href":"https:\/\/vagas.portalemprego.com.br\/index.php?rest_route=\/wp\/v2\/posts"}],"about":[{"href":"https:\/\/vagas.portalemprego.com.br\/index.php?rest_route=\/wp\/v2\/types\/post"}],"author":[{"embeddable":true,"href":"https:\/\/vagas.portalemprego.com.br\/index.php?rest_route=\/wp\/v2\/users\/1"}],"replies":[{"embeddable":true,"href":"https:\/\/vagas.portalemprego.com.br\/index.php?rest_route=%2Fwp%2Fv2%2Fcomments&post=3732"}],"version-history":[{"count":0,"href":"https:\/\/vagas.portalemprego.com.br\/index.php?rest_route=\/wp\/v2\/posts\/3732\/revisions"}],"wp:attachment":[{"href":"https:\/\/vagas.portalemprego.com.br\/index.php?rest_route=%2Fwp%2Fv2%2Fmedia&parent=3732"}],"wp:term":[{"taxonomy":"category","embeddable":true,"href":"https:\/\/vagas.portalemprego.com.br\/index.php?rest_route=%2Fwp%2Fv2%2Fcategories&post=3732"},{"taxonomy":"post_tag","embeddable":true,"href":"https:\/\/vagas.portalemprego.com.br\/index.php?rest_route=%2Fwp%2Fv2%2Ftags&post=3732"}],"curies":[{"name":"wp","href":"https:\/\/api.w.org\/{rel}","templated":true}]}}