{"id":3739,"date":"2026-04-29T06:12:12","date_gmt":"2026-04-29T09:12:12","guid":{"rendered":"https:\/\/vagas.portalemprego.com.br\/?p=3739"},"modified":"2026-04-29T06:12:12","modified_gmt":"2026-04-29T09:12:12","slug":"medico-do-trabalho-saude-rio-de-janeiro-3","status":"publish","type":"post","link":"https:\/\/vagas.portalemprego.com.br\/?p=3739","title":{"rendered":"M\u00e9dico do Trabalho &#8211; Sa\u00fade &#8211; Rio de Janeiro"},"content":{"rendered":"<p>A\u00a0BeeCorp\u00a0atua\u00a0h\u00e1\u00a015\u00a0anos\u00a0com\u00a0solu\u00e7\u00f5es\u00a0em\u00a0sa\u00fade,\u00a0qualidade\u00a0de\u00a0vida\u00a0e\u00a0bem-estar\u00a0corporativo\u00a0em\u00a0todo\u00a0o\u00a0Brasil.<br \/>\nBuscamos\u00a0profissional\u00a0para\u00a0atuar\u00a0com\u00a0M\u00e9dico do Trabalho,\u00a0promovendo\u00a0preven\u00e7\u00e3o,\u00a0bem-estar\u00a0e\u00a0qualidade\u00a0de\u00a0vida\u00a0aos\u00a0colaboradores.<br \/>\n??\u00a0Local\u00a0de\u00a0Atendimento<br \/>\nEstrada dos Bandeirantes, 4211 \u2013 Curicica, Jacarepagu\u00e1 \u2013 Rio de Janeiro &#8211; RJ, 4211, Jacarepagu\u00e1, Rio de Janeiro, CEP 22775-113, RJ<br \/>\n??\u00a0Dias\u00a0de\u00a0Atendimento<br \/>\n3x na semana, ter\u00e7as, quartas e quintas<br \/>\n?\u00a0Hor\u00e1rio<br \/>\n3x na semana, ter\u00e7as, quartas e quintas<br \/>\nR$ 10.000,00 (MEI\/PJ) pelo m\u00eas trabalhado.<br \/>\n?????\u00a0Fun\u00e7\u00e3o<br \/>\nM\u00e9dico do trabalho com especializa\u00e7\u00e3o<\/p>\n<ul>\n<li>Local de trabalho: Rio de Janeiro, RJ<\/li>\n<li>Regime de contrata\u00e7\u00e3o de tipo: Prestador de Servi\u00e7os (PJ)<\/li>\n<li>Jornada: Parcial tardes<\/li>\n<li>\u00c1rea e especializa\u00e7\u00e3o profissional: Sa\u00fade &#8211; Medicina do trabalho<\/li>\n<li>N\u00edvel hier\u00e1rquico: Especialista<\/li>\n<\/ul>\n<p>Escolaridade M\u00ednima: Ensino Superior<\/p>\n","protected":false},"excerpt":{"rendered":"<p>A\u00a0BeeCorp\u00a0atua\u00a0h\u00e1\u00a015\u00a0anos\u00a0com\u00a0solu\u00e7\u00f5es\u00a0em\u00a0sa\u00fade,\u00a0qualidade\u00a0de\u00a0vida\u00a0e\u00a0bem-estar\u00a0corporativo\u00a0em\u00a0todo\u00a0o\u00a0Brasil. Buscamos\u00a0profissional\u00a0para\u00a0atuar\u00a0com\u00a0M\u00e9dico do Trabalho,\u00a0promovendo\u00a0preven\u00e7\u00e3o,\u00a0bem-estar\u00a0e\u00a0qualidade\u00a0de\u00a0vida\u00a0aos\u00a0colaboradores. ??\u00a0Local\u00a0de\u00a0Atendimento Estrada dos Bandeirantes, 4211 \u2013 Curicica, Jacarepagu\u00e1 \u2013 Rio de Janeiro &#8211; RJ, 4211, Jacarepagu\u00e1, Rio de Janeiro, CEP 22775-113, RJ ??\u00a0Dias\u00a0de\u00a0Atendimento 3x na semana, ter\u00e7as, quartas e quintas ?\u00a0Hor\u00e1rio 3x na semana, ter\u00e7as, quartas e quintas R$ 10.000,00 (MEI\/PJ) pelo m\u00eas trabalhado. ?????\u00a0Fun\u00e7\u00e3o M\u00e9dico do trabalho com especializa\u00e7\u00e3o Local [&hellip;]<\/p>\n","protected":false},"author":1,"featured_media":0,"comment_status":"open","ping_status":"open","sticky":false,"template":"","format":"standard","meta":{"footnotes":""},"categories":[21],"tags":[],"class_list":["post-3739","post","type-post","status-publish","format-standard","hentry","category-rio-de-janeiro-rj"],"_links":{"self":[{"href":"https:\/\/vagas.portalemprego.com.br\/index.php?rest_route=\/wp\/v2\/posts\/3739","targetHints":{"allow":["GET"]}}],"collection":[{"href":"https:\/\/vagas.portalemprego.com.br\/index.php?rest_route=\/wp\/v2\/posts"}],"about":[{"href":"https:\/\/vagas.portalemprego.com.br\/index.php?rest_route=\/wp\/v2\/types\/post"}],"author":[{"embeddable":true,"href":"https:\/\/vagas.portalemprego.com.br\/index.php?rest_route=\/wp\/v2\/users\/1"}],"replies":[{"embeddable":true,"href":"https:\/\/vagas.portalemprego.com.br\/index.php?rest_route=%2Fwp%2Fv2%2Fcomments&post=3739"}],"version-history":[{"count":0,"href":"https:\/\/vagas.portalemprego.com.br\/index.php?rest_route=\/wp\/v2\/posts\/3739\/revisions"}],"wp:attachment":[{"href":"https:\/\/vagas.portalemprego.com.br\/index.php?rest_route=%2Fwp%2Fv2%2Fmedia&parent=3739"}],"wp:term":[{"taxonomy":"category","embeddable":true,"href":"https:\/\/vagas.portalemprego.com.br\/index.php?rest_route=%2Fwp%2Fv2%2Fcategories&post=3739"},{"taxonomy":"post_tag","embeddable":true,"href":"https:\/\/vagas.portalemprego.com.br\/index.php?rest_route=%2Fwp%2Fv2%2Ftags&post=3739"}],"curies":[{"name":"wp","href":"https:\/\/api.w.org\/{rel}","templated":true}]}}