{"id":3741,"date":"2026-04-29T06:12:12","date_gmt":"2026-04-29T09:12:12","guid":{"rendered":"https:\/\/vagas.portalemprego.com.br\/?p=3741"},"modified":"2026-04-29T06:12:12","modified_gmt":"2026-04-29T09:12:12","slug":"porteiro-vaga-pcd-seguranca-rio-de-janeiro","status":"publish","type":"post","link":"https:\/\/vagas.portalemprego.com.br\/?p=3741","title":{"rendered":"Porteiro &#8211; Vaga PCD &#8211; Seguran\u00e7a &#8211; Rio de Janeiro"},"content":{"rendered":"<p>VAGA EXCLUSIVA PARA PCD.<\/p>\n<p> Observar e orientar a entrada e sa\u00edda de pessoas, receber, identificar e encaminhar as pessoas aos destinat\u00e1rios. Emiss\u00e3o de crach\u00e1 e envio de e-mail para autoriza\u00e7\u00e3o de acesso.<\/p>\n<p>Boa apresenta\u00e7\u00e3o pessoal.<br \/>\nCordialidade e simpatia.<br \/>\nResponsabilidade e disciplina.<br \/>\n\u00c9tica e Honestidade.<br \/>\nSigilo e Discri\u00e7\u00e3o.<br \/>\nBoa comunica\u00e7\u00e3o verbal e escrita.<br \/>\nConhecimentos de inform\u00e1tica.<br \/>\nAten\u00e7\u00e3o e proatividade.<\/p>\n<p>Escala 5&#215;2<\/p>\n<ul>\n<li>Local de trabalho: Rio de Janeiro, RJ<\/li>\n<li>Regime de contrata\u00e7\u00e3o de tipo: Efetivo \u2013 CLT<\/li>\n<li>Jornada: Parcial noites<\/li>\n<li>\u00c1rea e especializa\u00e7\u00e3o profissional: Seguran\u00e7a &#8211; Portaria Industrial, Comercial, Resid\u00eancial<\/li>\n<li>N\u00edvel hier\u00e1rquico: Operacional<\/li>\n<\/ul>\n<p>VALORIZADO<\/p>\n<p>Tempo de experi\u00eancia: Menos de 1 ano<\/p>\n<p>Escolaridade M\u00ednima: Ensino M\u00e9dio (2\u00ba Grau)<\/p>\n<ul>\n<li>Plano odontol\u00f3gico<\/li>\n<li>Gympass<\/li>\n<li>Vale-transporte<\/li>\n<li>Vale-refei\u00e7\u00e3o<\/li>\n<\/ul>\n<p>Sal\u00e1rio: 1610,0<\/p>\n","protected":false},"excerpt":{"rendered":"<p>VAGA EXCLUSIVA PARA PCD. Observar e orientar a entrada e sa\u00edda de pessoas, receber, identificar e encaminhar as pessoas aos destinat\u00e1rios. Emiss\u00e3o de crach\u00e1 e envio de e-mail para autoriza\u00e7\u00e3o de acesso. Boa apresenta\u00e7\u00e3o pessoal. Cordialidade e simpatia. Responsabilidade e disciplina. \u00c9tica e Honestidade. Sigilo e Discri\u00e7\u00e3o. Boa comunica\u00e7\u00e3o verbal e escrita. Conhecimentos de inform\u00e1tica. [&hellip;]<\/p>\n","protected":false},"author":1,"featured_media":0,"comment_status":"open","ping_status":"open","sticky":false,"template":"","format":"standard","meta":{"footnotes":""},"categories":[21],"tags":[],"class_list":["post-3741","post","type-post","status-publish","format-standard","hentry","category-rio-de-janeiro-rj"],"_links":{"self":[{"href":"https:\/\/vagas.portalemprego.com.br\/index.php?rest_route=\/wp\/v2\/posts\/3741","targetHints":{"allow":["GET"]}}],"collection":[{"href":"https:\/\/vagas.portalemprego.com.br\/index.php?rest_route=\/wp\/v2\/posts"}],"about":[{"href":"https:\/\/vagas.portalemprego.com.br\/index.php?rest_route=\/wp\/v2\/types\/post"}],"author":[{"embeddable":true,"href":"https:\/\/vagas.portalemprego.com.br\/index.php?rest_route=\/wp\/v2\/users\/1"}],"replies":[{"embeddable":true,"href":"https:\/\/vagas.portalemprego.com.br\/index.php?rest_route=%2Fwp%2Fv2%2Fcomments&post=3741"}],"version-history":[{"count":0,"href":"https:\/\/vagas.portalemprego.com.br\/index.php?rest_route=\/wp\/v2\/posts\/3741\/revisions"}],"wp:attachment":[{"href":"https:\/\/vagas.portalemprego.com.br\/index.php?rest_route=%2Fwp%2Fv2%2Fmedia&parent=3741"}],"wp:term":[{"taxonomy":"category","embeddable":true,"href":"https:\/\/vagas.portalemprego.com.br\/index.php?rest_route=%2Fwp%2Fv2%2Fcategories&post=3741"},{"taxonomy":"post_tag","embeddable":true,"href":"https:\/\/vagas.portalemprego.com.br\/index.php?rest_route=%2Fwp%2Fv2%2Ftags&post=3741"}],"curies":[{"name":"wp","href":"https:\/\/api.w.org\/{rel}","templated":true}]}}