{"id":3743,"date":"2026-04-29T06:12:12","date_gmt":"2026-04-29T09:12:12","guid":{"rendered":"https:\/\/vagas.portalemprego.com.br\/?p=3743"},"modified":"2026-04-29T06:12:12","modified_gmt":"2026-04-29T09:12:12","slug":"eletromecanico-de-manutencao-construcao-manutencao-macae","status":"publish","type":"post","link":"https:\/\/vagas.portalemprego.com.br\/?p=3743","title":{"rendered":"Eletromec\u00e2nico de Manuten\u00e7\u00e3o &#8211; Constru\u00e7\u00e3o, Manuten\u00e7\u00e3o &#8211; Maca\u00e9"},"content":{"rendered":"<p>?? Responsabilidades:<br \/>\nExecutar as ordens de servi\u00e7os e inspe\u00e7\u00f5es conforme o plano de manuten\u00e7\u00e3o definido, atuando no Split (hi-wall, piso-teto, cassete), Chillers e Fan Coils;<br \/>\n\u2022\u00a0\u00a0Diagnosticar falhas em sistemas de refrigera\u00e7\u00e3o e climatiza\u00e7\u00e3o;<br \/>\n\u2022\u00a0\u00a0 Executar manuten\u00e7\u00f5es corretivas el\u00e9tricas e mec\u00e2nicas;<br \/>\n\u2022\u00a0\u00a0Registrar as ordens de servi\u00e7os no sistema Prisma, como: Materiais utilizados, falhas e sempre garantindo qualidade e confiabilidade dos registros;<br \/>\n\u2022\u00a0\u00a0Zelar pela organiza\u00e7\u00e3o das \u00e1reas t\u00e9cnicas, casas de m\u00e1quinas e salas de equipamento;<br \/>\n\u2022\u00a0\u00a0Cumprir rigorosamente as normas de seguran\u00e7a, sa\u00fade e meio ambiente, comunicando riscos, desvios e condi\u00e7\u00f5es inseguras.<\/p>\n<ul>\n<li>N\u00famero de vagas: 5<\/li>\n<li>Local de trabalho: Maca\u00e9, RJ<\/li>\n<li>Regime de contrata\u00e7\u00e3o de tipo: Efetivo \u2013 CLT<\/li>\n<li>Jornada: Per\u00edodo Integral<\/li>\n<li>\u00c1rea e especializa\u00e7\u00e3o profissional: Constru\u00e7\u00e3o, Manuten\u00e7\u00e3o &#8211; Eletricista \/ Manuten\u00e7\u00e3o El\u00e9trica<\/li>\n<li>N\u00edvel hier\u00e1rquico: Assistente<\/li>\n<\/ul>\n<p>VALORIZADO<\/p>\n<p>Tempo de experi\u00eancia: Entre 1 e 3 anos<\/p>\n<p>HABILIDADES<\/p>\n<ul>\n<li>Ensino T\u00e9cnico em: Eletromec\u00e2nica, Refrigera\u00e7\u00e3o e Climatiza\u00e7\u00e3o, Mec\u00e2nica ou El\u00e9trica<\/li>\n<li>NR10<\/li>\n<li>Experi\u00eancia comprovada em manuten\u00e7\u00e3o de equipamentos de refrigera\u00e7\u00e3o e climatiza\u00e7\u00e3o (sistemas de ar-condicionado split<\/li>\n<li>Vic\u00eancia em ambientes industrias, prediais ou contratos de facilites<\/li>\n<\/ul>\n<p>Escolaridade M\u00ednima: Curso T\u00e9cnico<\/p>\n<p>Forma\u00e7\u00e3o desejada:<\/p>\n<ul>\n<li>Refrigera\u00e7\u00e3o e climatiza\u00e7\u00e3o, Curso T\u00e9cnico<\/li>\n<li>Eletromec\u00e2nica, Curso T\u00e9cnico<\/li>\n<li>Eletrot\u00e9cnica, Curso T\u00e9cnico<\/li>\n<\/ul>\n<ul>\n<li>Plano de saude<\/li>\n<li>30% periculosidade<\/li>\n<li>Vale Transporte (modal)<\/li>\n<li>Vale Refei\u00e7\u00e3o R$ 543,00<\/li>\n<\/ul>\n<p>Sal\u00e1rio: 3000,0<\/p>\n","protected":false},"excerpt":{"rendered":"<p>?? Responsabilidades: Executar as ordens de servi\u00e7os e inspe\u00e7\u00f5es conforme o plano de manuten\u00e7\u00e3o definido, atuando no Split (hi-wall, piso-teto, cassete), Chillers e Fan Coils; \u2022\u00a0\u00a0Diagnosticar falhas em sistemas de refrigera\u00e7\u00e3o e climatiza\u00e7\u00e3o; \u2022\u00a0\u00a0 Executar manuten\u00e7\u00f5es corretivas el\u00e9tricas e mec\u00e2nicas; \u2022\u00a0\u00a0Registrar as ordens de servi\u00e7os no sistema Prisma, como: Materiais utilizados, falhas e sempre garantindo [&hellip;]<\/p>\n","protected":false},"author":1,"featured_media":0,"comment_status":"open","ping_status":"open","sticky":false,"template":"","format":"standard","meta":{"footnotes":""},"categories":[21],"tags":[],"class_list":["post-3743","post","type-post","status-publish","format-standard","hentry","category-rio-de-janeiro-rj"],"_links":{"self":[{"href":"https:\/\/vagas.portalemprego.com.br\/index.php?rest_route=\/wp\/v2\/posts\/3743","targetHints":{"allow":["GET"]}}],"collection":[{"href":"https:\/\/vagas.portalemprego.com.br\/index.php?rest_route=\/wp\/v2\/posts"}],"about":[{"href":"https:\/\/vagas.portalemprego.com.br\/index.php?rest_route=\/wp\/v2\/types\/post"}],"author":[{"embeddable":true,"href":"https:\/\/vagas.portalemprego.com.br\/index.php?rest_route=\/wp\/v2\/users\/1"}],"replies":[{"embeddable":true,"href":"https:\/\/vagas.portalemprego.com.br\/index.php?rest_route=%2Fwp%2Fv2%2Fcomments&post=3743"}],"version-history":[{"count":0,"href":"https:\/\/vagas.portalemprego.com.br\/index.php?rest_route=\/wp\/v2\/posts\/3743\/revisions"}],"wp:attachment":[{"href":"https:\/\/vagas.portalemprego.com.br\/index.php?rest_route=%2Fwp%2Fv2%2Fmedia&parent=3743"}],"wp:term":[{"taxonomy":"category","embeddable":true,"href":"https:\/\/vagas.portalemprego.com.br\/index.php?rest_route=%2Fwp%2Fv2%2Fcategories&post=3743"},{"taxonomy":"post_tag","embeddable":true,"href":"https:\/\/vagas.portalemprego.com.br\/index.php?rest_route=%2Fwp%2Fv2%2Ftags&post=3743"}],"curies":[{"name":"wp","href":"https:\/\/api.w.org\/{rel}","templated":true}]}}