{"id":3744,"date":"2026-04-29T06:12:12","date_gmt":"2026-04-29T09:12:12","guid":{"rendered":"https:\/\/vagas.portalemprego.com.br\/?p=3744"},"modified":"2026-04-29T06:12:12","modified_gmt":"2026-04-29T09:12:12","slug":"enfermeiro-chefe-saude-rio-de-janeiro","status":"publish","type":"post","link":"https:\/\/vagas.portalemprego.com.br\/?p=3744","title":{"rendered":"Enfermeiro Chefe &#8211; Sa\u00fade &#8211; Rio de Janeiro"},"content":{"rendered":"<p>Grupo do segmento de sa\u00fade suplementar, com atua\u00e7\u00e3o nacional, especializado na gest\u00e3o de hospitais, cl\u00ednicas e servi\u00e7os assistenciais, com foco em atendimento integrado, qualidade assistencial, seguran\u00e7a do paciente e cuidado humanizado.<br \/>\nPrincipais responsabilidades:<br \/>\nSupervisionar e coordenar a equipe de enfermagem da unidade;<br \/>\nGarantir o cumprimento de protocolos assistenciais e normas institucionais;<br \/>\nAcompanhar fluxo cir\u00fargico e organiza\u00e7\u00e3o das salas;<br \/>\nApoiar o agendamento cir\u00fargico e alinhamento com equipe m\u00e9dica;<br \/>\nAtuar na interface com Centro Cir\u00fargico, Centro Obst\u00e9trico e Central de Esteriliza\u00e7\u00e3o;<br \/>\nMonitorar indicadores assistenciais e qualidade do atendimento;<br \/>\nRealizar gest\u00e3o de escala, organiza\u00e7\u00e3o de processos e suporte \u00e0 equipe;<br \/>\nAssegurar a seguran\u00e7a do paciente e boas pr\u00e1ticas assistenciais.<br \/>\nRequisitos:<br \/>\nGradua\u00e7\u00e3o em Enfermagem com COREN ativo;<br \/>\nExperi\u00eancia m\u00ednima de 3 anos em Centro Cir\u00fargico;<br \/>\nViv\u00eancia em gest\u00e3o de equipe;<br \/>\nDisponibilidade para atua\u00e7\u00e3o em hor\u00e1rio administrativo (08h \u00e0s 18h).<\/p>\n<ul>\n<li>Local de trabalho: Rio de Janeiro, RJ<\/li>\n<li>Regime de contrata\u00e7\u00e3o de tipo: Tempor\u00e1rio<\/li>\n<li>Jornada: Per\u00edodo Integral<\/li>\n<li>\u00c1rea e especializa\u00e7\u00e3o profissional: Sa\u00fade &#8211; Enfermagem<\/li>\n<li>N\u00edvel hier\u00e1rquico: Gerente<\/li>\n<\/ul>\n<p>VALORIZADO<\/p>\n<p>Tempo de experi\u00eancia: Entre 3 e 5 anos<\/p>\n<p>Escolaridade M\u00ednima: Ensino Superior<\/p>\n<ul>\n<li>VT<\/li>\n<li>Refei\u00e7\u00e3o no local<\/li>\n<\/ul>\n<p>Sal\u00e1rio: 9000,0<\/p>\n","protected":false},"excerpt":{"rendered":"<p>Grupo do segmento de sa\u00fade suplementar, com atua\u00e7\u00e3o nacional, especializado na gest\u00e3o de hospitais, cl\u00ednicas e servi\u00e7os assistenciais, com foco em atendimento integrado, qualidade assistencial, seguran\u00e7a do paciente e cuidado humanizado. Principais responsabilidades: Supervisionar e coordenar a equipe de enfermagem da unidade; Garantir o cumprimento de protocolos assistenciais e normas institucionais; Acompanhar fluxo cir\u00fargico e [&hellip;]<\/p>\n","protected":false},"author":1,"featured_media":0,"comment_status":"open","ping_status":"open","sticky":false,"template":"","format":"standard","meta":{"footnotes":""},"categories":[21],"tags":[],"class_list":["post-3744","post","type-post","status-publish","format-standard","hentry","category-rio-de-janeiro-rj"],"_links":{"self":[{"href":"https:\/\/vagas.portalemprego.com.br\/index.php?rest_route=\/wp\/v2\/posts\/3744","targetHints":{"allow":["GET"]}}],"collection":[{"href":"https:\/\/vagas.portalemprego.com.br\/index.php?rest_route=\/wp\/v2\/posts"}],"about":[{"href":"https:\/\/vagas.portalemprego.com.br\/index.php?rest_route=\/wp\/v2\/types\/post"}],"author":[{"embeddable":true,"href":"https:\/\/vagas.portalemprego.com.br\/index.php?rest_route=\/wp\/v2\/users\/1"}],"replies":[{"embeddable":true,"href":"https:\/\/vagas.portalemprego.com.br\/index.php?rest_route=%2Fwp%2Fv2%2Fcomments&post=3744"}],"version-history":[{"count":0,"href":"https:\/\/vagas.portalemprego.com.br\/index.php?rest_route=\/wp\/v2\/posts\/3744\/revisions"}],"wp:attachment":[{"href":"https:\/\/vagas.portalemprego.com.br\/index.php?rest_route=%2Fwp%2Fv2%2Fmedia&parent=3744"}],"wp:term":[{"taxonomy":"category","embeddable":true,"href":"https:\/\/vagas.portalemprego.com.br\/index.php?rest_route=%2Fwp%2Fv2%2Fcategories&post=3744"},{"taxonomy":"post_tag","embeddable":true,"href":"https:\/\/vagas.portalemprego.com.br\/index.php?rest_route=%2Fwp%2Fv2%2Ftags&post=3744"}],"curies":[{"name":"wp","href":"https:\/\/api.w.org\/{rel}","templated":true}]}}