{"id":3745,"date":"2026-04-29T06:12:12","date_gmt":"2026-04-29T09:12:12","guid":{"rendered":"https:\/\/vagas.portalemprego.com.br\/?p=3745"},"modified":"2026-04-29T06:12:12","modified_gmt":"2026-04-29T09:12:12","slug":"vendedor-b2b-administracao-rio-de-janeiro","status":"publish","type":"post","link":"https:\/\/vagas.portalemprego.com.br\/?p=3745","title":{"rendered":"Vendedor B2B &#8211; Administra\u00e7\u00e3o &#8211; Rio de Janeiro"},"content":{"rendered":"<p>Principais responsabilidades<br \/>\nProspec\u00e7\u00e3o ativa em campo e visitas presenciais<br \/>\nAbordagem de novos parceiros (cold call e porta a porta)<br \/>\nAquisi\u00e7\u00e3o e integra\u00e7\u00e3o de varejistas locais ao Hub Delivery<br \/>\nAcompanhamento de performance e indicadores (KPIs)<br \/>\nSuporte operacional e desenvolvimento cont\u00ednuo dos parceiros<br \/>\nGarantir o cumprimento dos padr\u00f5es de entrega da Amazon Requisitos<br \/>\nEnsino m\u00e9dio completo<br \/>\nExperi\u00eancia em vendas, desenvolvimento de neg\u00f3cios, gest\u00e3o de contas ou opera\u00e7\u00f5es de campo<br \/>\nViv\u00eancia com prospec\u00e7\u00e3o ativa e abordagem presencial<br \/>\nPerfil executor, com senso de dono e foco em resultados<br \/>\nCapacidade de trabalhar com metas, KPIs e indicadores operacionais<\/p>\n<ul>\n<li>Local de trabalho: Rio de Janeiro, RJ<\/li>\n<li>Regime de contrata\u00e7\u00e3o de tipo: Tempor\u00e1rio<\/li>\n<li>Jornada: Per\u00edodo Integral<\/li>\n<li>\u00c1rea e especializa\u00e7\u00e3o profissional: Administra\u00e7\u00e3o &#8211; Administra\u00e7\u00e3o Geral<\/li>\n<li>N\u00edvel hier\u00e1rquico: Especialista<\/li>\n<\/ul>\n<p>VALORIZADO<\/p>\n<p>Tempo de experi\u00eancia: Menos de 1 ano<\/p>\n<p>Escolaridade M\u00ednima: Ensino Fundamental (1\u00ba grau)<\/p>\n<p>Forma\u00e7\u00e3o desejada:<\/p>\n<ul>\n<li>, Ensino Fundamental (1\u00ba grau)<\/li>\n<\/ul>\n<ul>\n<li>Vale Transporte<\/li>\n<li>Combust\u00edvel<\/li>\n<li>T\u00edquete Alimenta\u00e7\u00e3o<\/li>\n<li>T\u00edquete Refei\u00e7\u00e3o<\/li>\n<\/ul>\n","protected":false},"excerpt":{"rendered":"<p>Principais responsabilidades Prospec\u00e7\u00e3o ativa em campo e visitas presenciais Abordagem de novos parceiros (cold call e porta a porta) Aquisi\u00e7\u00e3o e integra\u00e7\u00e3o de varejistas locais ao Hub Delivery Acompanhamento de performance e indicadores (KPIs) Suporte operacional e desenvolvimento cont\u00ednuo dos parceiros Garantir o cumprimento dos padr\u00f5es de entrega da Amazon Requisitos Ensino m\u00e9dio completo Experi\u00eancia [&hellip;]<\/p>\n","protected":false},"author":1,"featured_media":0,"comment_status":"open","ping_status":"open","sticky":false,"template":"","format":"standard","meta":{"footnotes":""},"categories":[21],"tags":[],"class_list":["post-3745","post","type-post","status-publish","format-standard","hentry","category-rio-de-janeiro-rj"],"_links":{"self":[{"href":"https:\/\/vagas.portalemprego.com.br\/index.php?rest_route=\/wp\/v2\/posts\/3745","targetHints":{"allow":["GET"]}}],"collection":[{"href":"https:\/\/vagas.portalemprego.com.br\/index.php?rest_route=\/wp\/v2\/posts"}],"about":[{"href":"https:\/\/vagas.portalemprego.com.br\/index.php?rest_route=\/wp\/v2\/types\/post"}],"author":[{"embeddable":true,"href":"https:\/\/vagas.portalemprego.com.br\/index.php?rest_route=\/wp\/v2\/users\/1"}],"replies":[{"embeddable":true,"href":"https:\/\/vagas.portalemprego.com.br\/index.php?rest_route=%2Fwp%2Fv2%2Fcomments&post=3745"}],"version-history":[{"count":0,"href":"https:\/\/vagas.portalemprego.com.br\/index.php?rest_route=\/wp\/v2\/posts\/3745\/revisions"}],"wp:attachment":[{"href":"https:\/\/vagas.portalemprego.com.br\/index.php?rest_route=%2Fwp%2Fv2%2Fmedia&parent=3745"}],"wp:term":[{"taxonomy":"category","embeddable":true,"href":"https:\/\/vagas.portalemprego.com.br\/index.php?rest_route=%2Fwp%2Fv2%2Fcategories&post=3745"},{"taxonomy":"post_tag","embeddable":true,"href":"https:\/\/vagas.portalemprego.com.br\/index.php?rest_route=%2Fwp%2Fv2%2Ftags&post=3745"}],"curies":[{"name":"wp","href":"https:\/\/api.w.org\/{rel}","templated":true}]}}