{"id":3746,"date":"2026-04-29T06:12:12","date_gmt":"2026-04-29T09:12:12","guid":{"rendered":"https:\/\/vagas.portalemprego.com.br\/?p=3746"},"modified":"2026-04-29T06:12:12","modified_gmt":"2026-04-29T09:12:12","slug":"serralheiro-industrial-producao-fabrica-niteroi","status":"publish","type":"post","link":"https:\/\/vagas.portalemprego.com.br\/?p=3746","title":{"rendered":"Serralheiro &#8211; Industrial, Produ\u00e7\u00e3o, F\u00e1brica &#8211; Niter\u00f3i"},"content":{"rendered":"<p>Principais atividades:<br \/>\nFabrica\u00e7\u00e3o e montagem de estruturas met\u00e1licas;<br \/>\nCorte, dobra e soldagem de metais;<br \/>\nLeitura e interpreta\u00e7\u00e3o de desenhos t\u00e9cnicos;<br \/>\nInstala\u00e7\u00e3o de portas, port\u00f5es, grades, corrim\u00e3os e demais estruturas;<br \/>\nManuten\u00e7\u00e3o preventiva e corretiva;<br \/>\nOrganiza\u00e7\u00e3o do ambiente de trabalho e cuidado com ferramentas.<br \/>\nReparo de port\u00f5es autom\u00e1ticos e manuais, corrim\u00e3o, grades, escadas met\u00e1licas, coberturas e calhas;<br \/>\nRealiza\u00e7\u00e3o de soldas, cortes, lixamento e montagem de pe\u00e7as met\u00e1licas;<br \/>\nPintura e tratamento de corros\u00e3o\/ferrugem para maior durabilidade.<\/p>\n<ul>\n<li>N\u00famero de vagas: 5<\/li>\n<li>Local de trabalho: Niter\u00f3i, RJ<\/li>\n<li>Regime de contrata\u00e7\u00e3o de tipo: Efetivo \u2013 CLT<\/li>\n<li>Jornada: Noturno<\/li>\n<li>\u00c1rea e especializa\u00e7\u00e3o profissional: Industrial, Produ\u00e7\u00e3o, F\u00e1brica &#8211; Serralheiria<\/li>\n<li>N\u00edvel hier\u00e1rquico: Operacional<\/li>\n<\/ul>\n<p>VALORIZADO<\/p>\n<p>Tempo de experi\u00eancia: Entre 1 e 3 anos<\/p>\n<p>HABILIDADES<\/p>\n<ul>\n<li>Experi\u00eancia na fun\u00e7\u00e3o.<\/li>\n<\/ul>\n<p>Escolaridade M\u00ednima: Ensino Fundamental (1\u00ba grau)<\/p>\n<ul>\n<li>Vale Transporte (modal)<\/li>\n<li>Vale Refei\u00e7\u00e3o R$ 19,41 por dia<\/li>\n<li>Vale Alimenta\u00e7\u00e3o R$ 146,15 (mensal)<\/li>\n<li>Plano de Sa\u00fade<\/li>\n<li>Adicional noturno<\/li>\n<\/ul>\n<p>Sal\u00e1rio: 2477,15<\/p>\n","protected":false},"excerpt":{"rendered":"<p>Principais atividades: Fabrica\u00e7\u00e3o e montagem de estruturas met\u00e1licas; Corte, dobra e soldagem de metais; Leitura e interpreta\u00e7\u00e3o de desenhos t\u00e9cnicos; Instala\u00e7\u00e3o de portas, port\u00f5es, grades, corrim\u00e3os e demais estruturas; Manuten\u00e7\u00e3o preventiva e corretiva; Organiza\u00e7\u00e3o do ambiente de trabalho e cuidado com ferramentas. Reparo de port\u00f5es autom\u00e1ticos e manuais, corrim\u00e3o, grades, escadas met\u00e1licas, coberturas e calhas; [&hellip;]<\/p>\n","protected":false},"author":1,"featured_media":0,"comment_status":"open","ping_status":"open","sticky":false,"template":"","format":"standard","meta":{"footnotes":""},"categories":[21],"tags":[],"class_list":["post-3746","post","type-post","status-publish","format-standard","hentry","category-rio-de-janeiro-rj"],"_links":{"self":[{"href":"https:\/\/vagas.portalemprego.com.br\/index.php?rest_route=\/wp\/v2\/posts\/3746","targetHints":{"allow":["GET"]}}],"collection":[{"href":"https:\/\/vagas.portalemprego.com.br\/index.php?rest_route=\/wp\/v2\/posts"}],"about":[{"href":"https:\/\/vagas.portalemprego.com.br\/index.php?rest_route=\/wp\/v2\/types\/post"}],"author":[{"embeddable":true,"href":"https:\/\/vagas.portalemprego.com.br\/index.php?rest_route=\/wp\/v2\/users\/1"}],"replies":[{"embeddable":true,"href":"https:\/\/vagas.portalemprego.com.br\/index.php?rest_route=%2Fwp%2Fv2%2Fcomments&post=3746"}],"version-history":[{"count":0,"href":"https:\/\/vagas.portalemprego.com.br\/index.php?rest_route=\/wp\/v2\/posts\/3746\/revisions"}],"wp:attachment":[{"href":"https:\/\/vagas.portalemprego.com.br\/index.php?rest_route=%2Fwp%2Fv2%2Fmedia&parent=3746"}],"wp:term":[{"taxonomy":"category","embeddable":true,"href":"https:\/\/vagas.portalemprego.com.br\/index.php?rest_route=%2Fwp%2Fv2%2Fcategories&post=3746"},{"taxonomy":"post_tag","embeddable":true,"href":"https:\/\/vagas.portalemprego.com.br\/index.php?rest_route=%2Fwp%2Fv2%2Ftags&post=3746"}],"curies":[{"name":"wp","href":"https:\/\/api.w.org\/{rel}","templated":true}]}}