{"id":3748,"date":"2026-04-29T06:12:12","date_gmt":"2026-04-29T09:12:12","guid":{"rendered":"https:\/\/vagas.portalemprego.com.br\/?p=3748"},"modified":"2026-04-29T06:12:12","modified_gmt":"2026-04-29T09:12:12","slug":"sushiman-alimentacao-gastronomia-rio-de-janeiro-2","status":"publish","type":"post","link":"https:\/\/vagas.portalemprego.com.br\/?p=3748","title":{"rendered":"Sushiman &#8211; Alimenta\u00e7\u00e3o \/ Gastronomia &#8211; Rio de Janeiro"},"content":{"rendered":"<p>Rede de restaurantes com sede no Rio de Janeiro est\u00e1 em busca de Sushiman para fazer parte do seu quadro de funcion\u00e1rios.<br \/>\nBuscamos profissionais com experi\u00eancia como Sushiman.<br \/>\nO colaborador atuar\u00e1 em unidade situada na cidade do Rio de Janeiro. <\/p>\n<p>O profissional ir\u00e1 desempenhar atividades como:<br \/>\n\u2022 Pr\u00e9 produ\u00e7\u00e3o, prepara\u00e7\u00e3o, montagem dos pratos e libera\u00e7\u00e3o dos pratos;<br \/>\n\u2022 Acompanha n\u00edvel de estoque;<br \/>\n\u2022 Verificar diariamente etiqueta de controle de validade de alimentos, conforme prev\u00ea a legisla\u00e7\u00e3o da vigil\u00e2ncia sanit\u00e1ria;<br \/>\n\u2022 Manter a organiza\u00e7\u00e3o e limpeza do local de trabalho (durante opera\u00e7\u00e3o e no fechamento de cada turno);<br \/>\n\u2022 Seguir o protocolo de boas pr\u00e1ticas de manipula\u00e7\u00e3o de alimentos, garantindo a integridades do alimento e a sa\u00fade do consumidor.<\/p>\n<p>\u2022 Sal\u00e1rio: Pretens\u00e3o salarial<br \/>\n\u2022 Escala: 6 x 1 \u2013 com folga vari\u00e1vel<br \/>\n\u2022 Hor\u00e1rio: Noturno<br \/>\nBenef\u00edcios:<br \/>\n\u2022 Plano de sa\u00fade;<br \/>\n\u2022 Alimenta\u00e7\u00e3o no local;<br \/>\n\u2022 Vale transporte.<\/p>\n<p>Requisitos indispens\u00e1veis:<br \/>\n\u2022 Habilidades para trabalhar sobre press\u00e3o.<br \/>\n\u2022 Experi\u00eancia em culin\u00e1ria japonesa. <\/p>\n<p>O que buscamos:<br \/>\n\u2022 Organiza\u00e7\u00e3o<br \/>\n\u2022 Responsabilidade<br \/>\n\u2022 Boa comunica\u00e7\u00e3o<br \/>\n\u2022 Pro atividade<br \/>\n\u2022 Esp\u00edrito coletivo<\/p>\n<ul>\n<li>N\u00famero de vagas: 10<\/li>\n<li>Local de trabalho: Rio de Janeiro, RJ<\/li>\n<li>Regime de contrata\u00e7\u00e3o de tipo: Efetivo \u2013 CLT<\/li>\n<li>Jornada: Per\u00edodo Integral<\/li>\n<li>\u00c1rea e especializa\u00e7\u00e3o profissional: Alimenta\u00e7\u00e3o \/ Gastronomia &#8211; Cozinha<\/li>\n<li>N\u00edvel hier\u00e1rquico: Especialista<\/li>\n<\/ul>\n<p>VALORIZADO<\/p>\n<p>Tempo de experi\u00eancia: Entre 1 e 3 anos<\/p>\n<p>HABILIDADES<\/p>\n<ul>\n<li>Proatividade<\/li>\n<li>Boa comunica\u00e7\u00e3o<\/li>\n<li>Esp\u00edrito coletivo<\/li>\n<li>Responsabilidade<\/li>\n<li>Organiza\u00e7\u00e3o<\/li>\n<\/ul>\n<p>Escolaridade M\u00ednima: Ensino Fundamental (1\u00ba grau)<\/p>\n<ul>\n<li>Vale Transporte<\/li>\n<li>Alimenta\u00e7\u00e3o no local<\/li>\n<li>Comiss\u00f5es<\/li>\n<li>Plano de Sa\u00fade<\/li>\n<\/ul>\n","protected":false},"excerpt":{"rendered":"<p>Rede de restaurantes com sede no Rio de Janeiro est\u00e1 em busca de Sushiman para fazer parte do seu quadro de funcion\u00e1rios. Buscamos profissionais com experi\u00eancia como Sushiman. O colaborador atuar\u00e1 em unidade situada na cidade do Rio de Janeiro. O profissional ir\u00e1 desempenhar atividades como: \u2022 Pr\u00e9 produ\u00e7\u00e3o, prepara\u00e7\u00e3o, montagem dos pratos e libera\u00e7\u00e3o [&hellip;]<\/p>\n","protected":false},"author":1,"featured_media":0,"comment_status":"open","ping_status":"open","sticky":false,"template":"","format":"standard","meta":{"footnotes":""},"categories":[21],"tags":[],"class_list":["post-3748","post","type-post","status-publish","format-standard","hentry","category-rio-de-janeiro-rj"],"_links":{"self":[{"href":"https:\/\/vagas.portalemprego.com.br\/index.php?rest_route=\/wp\/v2\/posts\/3748","targetHints":{"allow":["GET"]}}],"collection":[{"href":"https:\/\/vagas.portalemprego.com.br\/index.php?rest_route=\/wp\/v2\/posts"}],"about":[{"href":"https:\/\/vagas.portalemprego.com.br\/index.php?rest_route=\/wp\/v2\/types\/post"}],"author":[{"embeddable":true,"href":"https:\/\/vagas.portalemprego.com.br\/index.php?rest_route=\/wp\/v2\/users\/1"}],"replies":[{"embeddable":true,"href":"https:\/\/vagas.portalemprego.com.br\/index.php?rest_route=%2Fwp%2Fv2%2Fcomments&post=3748"}],"version-history":[{"count":0,"href":"https:\/\/vagas.portalemprego.com.br\/index.php?rest_route=\/wp\/v2\/posts\/3748\/revisions"}],"wp:attachment":[{"href":"https:\/\/vagas.portalemprego.com.br\/index.php?rest_route=%2Fwp%2Fv2%2Fmedia&parent=3748"}],"wp:term":[{"taxonomy":"category","embeddable":true,"href":"https:\/\/vagas.portalemprego.com.br\/index.php?rest_route=%2Fwp%2Fv2%2Fcategories&post=3748"},{"taxonomy":"post_tag","embeddable":true,"href":"https:\/\/vagas.portalemprego.com.br\/index.php?rest_route=%2Fwp%2Fv2%2Ftags&post=3748"}],"curies":[{"name":"wp","href":"https:\/\/api.w.org\/{rel}","templated":true}]}}