{"id":3752,"date":"2026-04-29T06:13:13","date_gmt":"2026-04-29T09:13:13","guid":{"rendered":"https:\/\/vagas.portalemprego.com.br\/?p=3752"},"modified":"2026-04-29T06:13:13","modified_gmt":"2026-04-29T09:13:13","slug":"vendedor-campo-grande-turno-tarde-comercial-vendas-rio-de-janeiro","status":"publish","type":"post","link":"https:\/\/vagas.portalemprego.com.br\/?p=3752","title":{"rendered":"VENDEDOR  &#8211; CAMPO GRANDE &#8211; TURNO TARDE &#8211; Comercial, Vendas &#8211; Rio de Janeiro"},"content":{"rendered":"<p>Fa\u00e7a parte de um time que valoriza o cuidado, a confian\u00e7a e o bom atendimento!<br \/>\nSe voc\u00ea gosta de lidar com pessoas e acredita que um atendimento de qualidade faz a diferen\u00e7a, essa oportunidade \u00e9 para voc\u00ea.<br \/>\nEmpresa do segmento de nutri\u00e7\u00e3o animal busca profissionais comprometidos, organizados e com responsabilidade no atendimento, contribuindo para um ambiente acolhedor e eficiente.<br \/>\nO foco est\u00e1 em oferecer uma experi\u00eancia positiva ao cliente, com aten\u00e7\u00e3o, respeito e dedica\u00e7\u00e3o no dia a dia, garantindo qualidade no atendimento.<br \/>\nConfira os requisitos e candidate-se!<br \/>\n-Possuir Ensino M\u00e9dio Completo;<br \/>\n-Residir pr\u00f3ximo a Campo Grande (Pina Rangel, Sant\u00edssimo, Arnaldo Eug\u00eanio ou regi\u00f5es pr\u00f3ximas) ;<br \/>\n-Experi\u00eancia com vendas;<br \/>\n-Experi\u00eancia com atendimento ao cliente;<br \/>\n-Experi\u00eancia com sistemas de vendas;<br \/>\n-Conhecimento b\u00e1sico de inform\u00e1tica (Pacote Office);<br \/>\n-Disponibilidade para abertura e fechamento de caixa<\/p>\n<p>ATRIBUI\u00c7\u00d5ES:<br \/>\n-Realizar atendimento ao cliente de forma consultiva, entendendo suas necessidades e oferecendo as melhores solu\u00e7\u00f5es;<br \/>\n-Efetuar vendas e registrar as informa\u00e7\u00f5es no sistema;<br \/>\n&#8211; Prospectar clientes e acompanhar sua carteira, inclusive por WhatsApp;<br \/>\n-Apoiar na organiza\u00e7\u00e3o da loja e reposi\u00e7\u00e3o de produtos;<br \/>\n-Participar do controle de estoque e invent\u00e1rios; Auxiliar no recebimento de mercadorias; -Contribuir para um ambiente organizado e agrad\u00e1vel;<br \/>\n-Participar de treinamentos e a\u00e7\u00f5es comerciais;<br \/>\n-Deslocamento de sacos de ra\u00e7\u00e3o;<br \/>\n-Demais atividades pertinentes ao cargo.<\/p>\n<p>-Jornada: 44 horas semanais, de segunda a s\u00e1bado<br \/>\nTurno da tarde:\u00a012h\u00a0\u00e0s\u00a020\u00a0hs\u00a0e\u00a0aos\u00a0s\u00e1bados\u00a0de\u00a08\u00a0hs\u00a0\u00e0s\u00a018\u00a0hs.\u00a0<br \/>\n-Regime de contrata\u00e7\u00e3o: CLT<\/p>\n<p>Estamos ansiosos para conhecer voc\u00ea!<\/p>\n<ul>\n<li>Local de trabalho: Rio de Janeiro, RJ<\/li>\n<li>Regime de contrata\u00e7\u00e3o de tipo: Efetivo \u2013 CLT<\/li>\n<li>Jornada: Per\u00edodo Integral<\/li>\n<li>\u00c1rea e especializa\u00e7\u00e3o profissional: Comercial, Vendas &#8211; Venda Interna<\/li>\n<li>N\u00edvel hier\u00e1rquico: Operacional<\/li>\n<\/ul>\n<p>VALORIZADO<\/p>\n<p>Tempo de experi\u00eancia: Entre 1 e 3 anos<\/p>\n<p>Escolaridade M\u00ednima: Ensino M\u00e9dio (2\u00ba Grau)<\/p>\n<ul>\n<li>Vale transporte<\/li>\n<\/ul>\n","protected":false},"excerpt":{"rendered":"<p>Fa\u00e7a parte de um time que valoriza o cuidado, a confian\u00e7a e o bom atendimento! Se voc\u00ea gosta de lidar com pessoas e acredita que um atendimento de qualidade faz a diferen\u00e7a, essa oportunidade \u00e9 para voc\u00ea. Empresa do segmento de nutri\u00e7\u00e3o animal busca profissionais comprometidos, organizados e com responsabilidade no atendimento, contribuindo para um [&hellip;]<\/p>\n","protected":false},"author":1,"featured_media":0,"comment_status":"open","ping_status":"open","sticky":false,"template":"","format":"standard","meta":{"footnotes":""},"categories":[21],"tags":[],"class_list":["post-3752","post","type-post","status-publish","format-standard","hentry","category-rio-de-janeiro-rj"],"_links":{"self":[{"href":"https:\/\/vagas.portalemprego.com.br\/index.php?rest_route=\/wp\/v2\/posts\/3752","targetHints":{"allow":["GET"]}}],"collection":[{"href":"https:\/\/vagas.portalemprego.com.br\/index.php?rest_route=\/wp\/v2\/posts"}],"about":[{"href":"https:\/\/vagas.portalemprego.com.br\/index.php?rest_route=\/wp\/v2\/types\/post"}],"author":[{"embeddable":true,"href":"https:\/\/vagas.portalemprego.com.br\/index.php?rest_route=\/wp\/v2\/users\/1"}],"replies":[{"embeddable":true,"href":"https:\/\/vagas.portalemprego.com.br\/index.php?rest_route=%2Fwp%2Fv2%2Fcomments&post=3752"}],"version-history":[{"count":0,"href":"https:\/\/vagas.portalemprego.com.br\/index.php?rest_route=\/wp\/v2\/posts\/3752\/revisions"}],"wp:attachment":[{"href":"https:\/\/vagas.portalemprego.com.br\/index.php?rest_route=%2Fwp%2Fv2%2Fmedia&parent=3752"}],"wp:term":[{"taxonomy":"category","embeddable":true,"href":"https:\/\/vagas.portalemprego.com.br\/index.php?rest_route=%2Fwp%2Fv2%2Fcategories&post=3752"},{"taxonomy":"post_tag","embeddable":true,"href":"https:\/\/vagas.portalemprego.com.br\/index.php?rest_route=%2Fwp%2Fv2%2Ftags&post=3752"}],"curies":[{"name":"wp","href":"https:\/\/api.w.org\/{rel}","templated":true}]}}