{"id":3759,"date":"2026-04-29T06:13:13","date_gmt":"2026-04-29T09:13:13","guid":{"rendered":"https:\/\/vagas.portalemprego.com.br\/?p=3759"},"modified":"2026-04-29T06:13:13","modified_gmt":"2026-04-29T09:13:13","slug":"auxiliar-de-manutencao-predial-construcao-manutencao-rio-de-janeiro-3","status":"publish","type":"post","link":"https:\/\/vagas.portalemprego.com.br\/?p=3759","title":{"rendered":"Auxiliar de Manuten\u00e7\u00e3o Predial &#8211; Constru\u00e7\u00e3o, Manuten\u00e7\u00e3o &#8211; Rio de Janeiro"},"content":{"rendered":"<p>?? Cargo: Auxiliar de Manuten\u00e7\u00e3o Predial<br \/>\n?? Local: Campo Grande \u2013 Rio de Janeiro\/RJ<br \/>\n?? Remunera\u00e7\u00e3o: R$ 2.500<br \/>\n?? Benef\u00edcios: VA, VR, Seguro de Vida em Grupo, Caf\u00e9 da manh\u00e3 e almo\u00e7o no local, Assist\u00eancia M\u00e9dica e Odontol\u00f3gica<\/p>\n<p>? Requisitos:<br \/>\n? Curso t\u00e9cnico de edifica\u00e7\u00e3o, el\u00e9trica ou mec\u00e2nica;<br \/>\n? Necess\u00e1rio experi\u00eancia j\u00fanior na \u00e1rea de manuten\u00e7\u00e3o<br \/>\n? NR10, NR35 e 5S<\/p>\n<ul>\n<li>Local de trabalho: Rio de Janeiro, RJ<\/li>\n<li>Regime de contrata\u00e7\u00e3o de tipo: Efetivo \u2013 CLT<\/li>\n<li>Jornada: Per\u00edodo Integral<\/li>\n<li>\u00c1rea e especializa\u00e7\u00e3o profissional: Constru\u00e7\u00e3o, Manuten\u00e7\u00e3o &#8211; Manuten\u00e7\u00e3o em Geral<\/li>\n<li>N\u00edvel hier\u00e1rquico: Auxiliar<\/li>\n<\/ul>\n<p>VALORIZADO<\/p>\n<p>Tempo de experi\u00eancia: Entre 1 e 3 anos<\/p>\n<p>Escolaridade M\u00ednima: Curso T\u00e9cnico<\/p>\n<p>Forma\u00e7\u00e3o desejada:<\/p>\n<ul>\n<li>Eletrot\u00e9cnica, Curso T\u00e9cnico<\/li>\n<li>Edifica\u00e7\u00f5es, Curso T\u00e9cnico<\/li>\n<li>Mec\u00e2nica, Curso T\u00e9cnico<\/li>\n<\/ul>\n<ul>\n<li>VA<\/li>\n<li>VR<\/li>\n<li>Assist\u00eancia m\u00e9dica<\/li>\n<li>Assist\u00eancia odontol\u00f3gica<\/li>\n<li>Seguro de vida em grupo<\/li>\n<li>Caf\u00e9 da manh\u00e3 e almo\u00e7o no local<\/li>\n<\/ul>\n<p>Sal\u00e1rio: 2500,0<\/p>\n","protected":false},"excerpt":{"rendered":"<p>?? Cargo: Auxiliar de Manuten\u00e7\u00e3o Predial ?? Local: Campo Grande \u2013 Rio de Janeiro\/RJ ?? Remunera\u00e7\u00e3o: R$ 2.500 ?? Benef\u00edcios: VA, VR, Seguro de Vida em Grupo, Caf\u00e9 da manh\u00e3 e almo\u00e7o no local, Assist\u00eancia M\u00e9dica e Odontol\u00f3gica ? Requisitos: ? Curso t\u00e9cnico de edifica\u00e7\u00e3o, el\u00e9trica ou mec\u00e2nica; ? Necess\u00e1rio experi\u00eancia j\u00fanior na \u00e1rea de [&hellip;]<\/p>\n","protected":false},"author":1,"featured_media":0,"comment_status":"open","ping_status":"open","sticky":false,"template":"","format":"standard","meta":{"footnotes":""},"categories":[21],"tags":[],"class_list":["post-3759","post","type-post","status-publish","format-standard","hentry","category-rio-de-janeiro-rj"],"_links":{"self":[{"href":"https:\/\/vagas.portalemprego.com.br\/index.php?rest_route=\/wp\/v2\/posts\/3759","targetHints":{"allow":["GET"]}}],"collection":[{"href":"https:\/\/vagas.portalemprego.com.br\/index.php?rest_route=\/wp\/v2\/posts"}],"about":[{"href":"https:\/\/vagas.portalemprego.com.br\/index.php?rest_route=\/wp\/v2\/types\/post"}],"author":[{"embeddable":true,"href":"https:\/\/vagas.portalemprego.com.br\/index.php?rest_route=\/wp\/v2\/users\/1"}],"replies":[{"embeddable":true,"href":"https:\/\/vagas.portalemprego.com.br\/index.php?rest_route=%2Fwp%2Fv2%2Fcomments&post=3759"}],"version-history":[{"count":0,"href":"https:\/\/vagas.portalemprego.com.br\/index.php?rest_route=\/wp\/v2\/posts\/3759\/revisions"}],"wp:attachment":[{"href":"https:\/\/vagas.portalemprego.com.br\/index.php?rest_route=%2Fwp%2Fv2%2Fmedia&parent=3759"}],"wp:term":[{"taxonomy":"category","embeddable":true,"href":"https:\/\/vagas.portalemprego.com.br\/index.php?rest_route=%2Fwp%2Fv2%2Fcategories&post=3759"},{"taxonomy":"post_tag","embeddable":true,"href":"https:\/\/vagas.portalemprego.com.br\/index.php?rest_route=%2Fwp%2Fv2%2Ftags&post=3759"}],"curies":[{"name":"wp","href":"https:\/\/api.w.org\/{rel}","templated":true}]}}