{"id":3761,"date":"2026-04-29T06:13:13","date_gmt":"2026-04-29T09:13:13","guid":{"rendered":"https:\/\/vagas.portalemprego.com.br\/?p=3761"},"modified":"2026-04-29T06:13:13","modified_gmt":"2026-04-29T09:13:13","slug":"especificador-tecnico-consultor-de-produtos-segmento-construcao-civil-construcao-manutencao-rio-de-janeiro","status":"publish","type":"post","link":"https:\/\/vagas.portalemprego.com.br\/?p=3761","title":{"rendered":"Especificador T\u00e9cnico \/ Consultor de Produtos \u2013 Segmento Constru\u00e7\u00e3o Civil &#8211; Constru\u00e7\u00e3o, Manuten\u00e7\u00e3o &#8211; Rio de Janeiro"},"content":{"rendered":"<p>A\u00a0empresa\u00a0Saint\u00a0Germain\u00a0\u00e9\u00a0a\u00a0principal\u00a0franqueada\u00a0Blindex\u00a0do\u00a0estado,\u00a0refer\u00eancia\u00a0h\u00e1\u00a0d\u00e9cadas\u00a0no\u00a0processamento\u00a0de\u00a0vidros\u00a0de\u00a0seguran\u00e7a.\u00a0Destaca-se\u00a0pela\u00a0alta\u00a0tecnologia\u00a0em\u00a0vidros\u00a0temperados\u00a0e\u00a0laminados,\u00a0atendendo\u00a0desde\u00a0projetos\u00a0residenciais\u00a0(como\u00a0boxes\u00a0e\u00a0espelhos)\u00a0at\u00e9\u00a0grandes\u00a0obras\u00a0de\u00a0engenharia.\u00a0Seu\u00a0maior\u00a0diferencial\u00a0\u00e9\u00a0o\u00a0rigoroso\u00a0padr\u00e3o\u00a0de\u00a0qualidade\u00a0da\u00a0marca\u00a0Blinde,\u00a0garantindo\u00a0durabilidade\u00a0e\u00a0prote\u00e7\u00e3o\u00a0t\u00e9cnica.\u00a0\u00c9\u00a0a\u00a0escolha\u00a0preferencial\u00a0de\u00a0arquitetos\u00a0cariocas\u00a0devido\u00a0\u00e0\u00a0sua\u00a0expertise\u00a0em\u00a0solu\u00e7\u00f5es\u00a0sob\u00a0medida.<\/p>\n<p>Sobre a vaga<br \/>\nEstamos em busca de um(a) profissional com forte conhecimento t\u00e9cnico e excelente comunica\u00e7\u00e3o para atuar como\u00a0Especificador T\u00e9cnico, sendo respons\u00e1vel por promover nossos produtos junto a arquitetos, vidra\u00e7arias, construtoras e profissionais do setor da constru\u00e7\u00e3o civil.<br \/>\nEsse profissional ter\u00e1 papel estrat\u00e9gico na especifica\u00e7\u00e3o de produtos e na capacita\u00e7\u00e3o t\u00e9cnica e comercial dos parceiros.<\/p>\n<p>Responsabilidades<br \/>\nRealizar visitas t\u00e9cnicas a: Obras; Vidra\u00e7arias; Escrit\u00f3rios de arquitetura; Construtoras e profissionais do setor;<br \/>\nAtuar diretamente na\u00a0especifica\u00e7\u00e3o t\u00e9cnica dos produtos\u00a0da empresa<br \/>\nMinistrar\u00a0treinamentos t\u00e9cnicos e de vendas\u00a0para: Profissionais de vidra\u00e7arias; Parceiros e equipes envolvidas;<br \/>\nApresentar solu\u00e7\u00f5es t\u00e9cnicas, esclarecendo d\u00favidas sobre aplica\u00e7\u00e3o e desempenho dos produtos<br \/>\nApoiar tecnicamente o time comercial sempre que necess\u00e1rio<br \/>\nManter relacionamento pr\u00f3ximo com especificadores e influenciadores do mercado<\/p>\n<p>Requisitos<br \/>\nEnsino superior completo preferencialmente em\u00a0Arquitetura, Urbanismo, Engenharia Civil, Design de Interiores ou \u00e1reas afins;<br \/>\nExperi\u00eancia com: Visitas t\u00e9cnicas; Obras e leitura de projetos; Relacionamento com arquitetos, engenheiros e profissionais da constru\u00e7\u00e3o; Boa comunica\u00e7\u00e3o verbal e facilidade para conduzir treinamentos e apresenta\u00e7\u00f5es; Perfil proativo, organizado e com autonomia para atua\u00e7\u00e3o em campo.<\/p>\n<p>Diferenciais<br \/>\nExperi\u00eancia no segmento de: Vidros, Vidra\u00e7arias, Esquadrias, Materiais para constru\u00e7\u00e3o civil<br \/>\nAtua\u00e7\u00e3o pr\u00e9via como especificador(a) t\u00e9cnico(a)<br \/>\nExperi\u00eancia com treinamentos t\u00e9cnicos e comerciais<br \/>\nCNH e disponibilidade para viagens<\/p>\n<p>Compet\u00eancias comportamentais<br \/>\nComunica\u00e7\u00e3o clara e did\u00e1tica<br \/>\nPerfil consultivo e relacional<br \/>\nCapacidade de influenciar decis\u00f5es t\u00e9cnicas<br \/>\nFacilidade em traduzir informa\u00e7\u00f5es t\u00e9cnicas em benef\u00edcios pr\u00e1ticos e comerciais<\/p>\n<p>Remunera\u00e7\u00e3o e benef\u00edcios<br \/>\nSal\u00e1rio fixo + comiss\u00e3o<br \/>\nBenef\u00edcios conforme pol\u00edtica da empresa (vale-transporte, vale-refei\u00e7\u00e3o, etc.)<\/p>\n<ul>\n<li>N\u00famero de vagas: 2<\/li>\n<li>Local de trabalho: Rio de Janeiro, RJ<\/li>\n<li>Regime de contrata\u00e7\u00e3o de tipo: Efetivo \u2013 CLT<\/li>\n<li>Jornada: Per\u00edodo Integral<\/li>\n<li>\u00c1rea e especializa\u00e7\u00e3o profissional: Constru\u00e7\u00e3o, Manuten\u00e7\u00e3o &#8211; Constru\u00e7\u00e3o Civil<\/li>\n<li>N\u00edvel hier\u00e1rquico: Analista<\/li>\n<\/ul>\n<p>Escolaridade M\u00ednima: Ensino Superior<\/p>\n<p>Habilita\u00e7\u00e3o para dirigir: B<\/p>\n<p>Ve\u00edculo pr\u00f3prio<\/p>\n<p>Disponibilidade para viajar<\/p>\n","protected":false},"excerpt":{"rendered":"<p>A\u00a0empresa\u00a0Saint\u00a0Germain\u00a0\u00e9\u00a0a\u00a0principal\u00a0franqueada\u00a0Blindex\u00a0do\u00a0estado,\u00a0refer\u00eancia\u00a0h\u00e1\u00a0d\u00e9cadas\u00a0no\u00a0processamento\u00a0de\u00a0vidros\u00a0de\u00a0seguran\u00e7a.\u00a0Destaca-se\u00a0pela\u00a0alta\u00a0tecnologia\u00a0em\u00a0vidros\u00a0temperados\u00a0e\u00a0laminados,\u00a0atendendo\u00a0desde\u00a0projetos\u00a0residenciais\u00a0(como\u00a0boxes\u00a0e\u00a0espelhos)\u00a0at\u00e9\u00a0grandes\u00a0obras\u00a0de\u00a0engenharia.\u00a0Seu\u00a0maior\u00a0diferencial\u00a0\u00e9\u00a0o\u00a0rigoroso\u00a0padr\u00e3o\u00a0de\u00a0qualidade\u00a0da\u00a0marca\u00a0Blinde,\u00a0garantindo\u00a0durabilidade\u00a0e\u00a0prote\u00e7\u00e3o\u00a0t\u00e9cnica.\u00a0\u00c9\u00a0a\u00a0escolha\u00a0preferencial\u00a0de\u00a0arquitetos\u00a0cariocas\u00a0devido\u00a0\u00e0\u00a0sua\u00a0expertise\u00a0em\u00a0solu\u00e7\u00f5es\u00a0sob\u00a0medida. Sobre a vaga Estamos em busca de um(a) profissional com forte conhecimento t\u00e9cnico e excelente comunica\u00e7\u00e3o para atuar como\u00a0Especificador T\u00e9cnico, sendo respons\u00e1vel por promover nossos produtos junto a arquitetos, vidra\u00e7arias, construtoras e profissionais do setor da constru\u00e7\u00e3o civil. Esse profissional ter\u00e1 papel estrat\u00e9gico na especifica\u00e7\u00e3o de produtos e na capacita\u00e7\u00e3o t\u00e9cnica e comercial dos [&hellip;]<\/p>\n","protected":false},"author":1,"featured_media":0,"comment_status":"open","ping_status":"open","sticky":false,"template":"","format":"standard","meta":{"footnotes":""},"categories":[21],"tags":[],"class_list":["post-3761","post","type-post","status-publish","format-standard","hentry","category-rio-de-janeiro-rj"],"_links":{"self":[{"href":"https:\/\/vagas.portalemprego.com.br\/index.php?rest_route=\/wp\/v2\/posts\/3761","targetHints":{"allow":["GET"]}}],"collection":[{"href":"https:\/\/vagas.portalemprego.com.br\/index.php?rest_route=\/wp\/v2\/posts"}],"about":[{"href":"https:\/\/vagas.portalemprego.com.br\/index.php?rest_route=\/wp\/v2\/types\/post"}],"author":[{"embeddable":true,"href":"https:\/\/vagas.portalemprego.com.br\/index.php?rest_route=\/wp\/v2\/users\/1"}],"replies":[{"embeddable":true,"href":"https:\/\/vagas.portalemprego.com.br\/index.php?rest_route=%2Fwp%2Fv2%2Fcomments&post=3761"}],"version-history":[{"count":0,"href":"https:\/\/vagas.portalemprego.com.br\/index.php?rest_route=\/wp\/v2\/posts\/3761\/revisions"}],"wp:attachment":[{"href":"https:\/\/vagas.portalemprego.com.br\/index.php?rest_route=%2Fwp%2Fv2%2Fmedia&parent=3761"}],"wp:term":[{"taxonomy":"category","embeddable":true,"href":"https:\/\/vagas.portalemprego.com.br\/index.php?rest_route=%2Fwp%2Fv2%2Fcategories&post=3761"},{"taxonomy":"post_tag","embeddable":true,"href":"https:\/\/vagas.portalemprego.com.br\/index.php?rest_route=%2Fwp%2Fv2%2Ftags&post=3761"}],"curies":[{"name":"wp","href":"https:\/\/api.w.org\/{rel}","templated":true}]}}