{"id":3766,"date":"2026-04-29T06:13:13","date_gmt":"2026-04-29T09:13:13","guid":{"rendered":"https:\/\/vagas.portalemprego.com.br\/?p=3766"},"modified":"2026-04-29T06:13:13","modified_gmt":"2026-04-29T09:13:13","slug":"auxiliar-de-refrigeracao-construcao-manutencao-rio-de-janeiro-2","status":"publish","type":"post","link":"https:\/\/vagas.portalemprego.com.br\/?p=3766","title":{"rendered":"Auxiliar de Refrigera\u00e7\u00e3o &#8211; Constru\u00e7\u00e3o, Manuten\u00e7\u00e3o &#8211; Rio de Janeiro"},"content":{"rendered":"<p>?? Responsabilidades:<br \/>\nAuxiliar na instala\u00e7\u00e3o e manuten\u00e7\u00e3o de aparelhos de ar-condicionado, c\u00e2maras frias e sistemas de refrigera\u00e7\u00e3o comercial e industrial.<br \/>\nApoiar na identifica\u00e7\u00e3o e corre\u00e7\u00e3o de falhas t\u00e9cnicas.<br \/>\nRealizar limpeza e higieniza\u00e7\u00e3o de equipamentos.<br \/>\nTransportar ferramentas e materiais para execu\u00e7\u00e3o dos servi\u00e7os.<br \/>\nSeguir normas de seguran\u00e7a e procedimentos t\u00e9cnicos.<br \/>\nPreencher relat\u00f3rios simples de atendimento, quando necess\u00e1rio.<\/p>\n<p>Segunda a sexta das 08h as 17h<\/p>\n<ul>\n<li>N\u00famero de vagas: 5<\/li>\n<li>Local de trabalho: Rio de Janeiro, RJ<\/li>\n<li>Regime de contrata\u00e7\u00e3o de tipo: Efetivo \u2013 CLT<\/li>\n<li>Jornada: Per\u00edodo Integral<\/li>\n<li>\u00c1rea e especializa\u00e7\u00e3o profissional: Constru\u00e7\u00e3o, Manuten\u00e7\u00e3o &#8211; Instala\u00e7\u00f5es em Geral<\/li>\n<li>N\u00edvel hier\u00e1rquico: Auxiliar<\/li>\n<\/ul>\n<p>VALORIZADO<\/p>\n<p>Tempo de experi\u00eancia: Menos de 1 ano<\/p>\n<p>HABILIDADES<\/p>\n<ul>\n<li>Curso b\u00e1sico de El\u00e9trica (ser\u00e1 o diferencial)<\/li>\n<\/ul>\n<p>Escolaridade M\u00ednima: Ensino Fundamental (1\u00ba grau)<\/p>\n<ul>\n<li>Vale Transporte (modal)<\/li>\n<li>Vale refei\u00e7\u00e3o<\/li>\n<li>30% periculosidade<\/li>\n<\/ul>\n<p>Sal\u00e1rio: 1803,74<\/p>\n","protected":false},"excerpt":{"rendered":"<p>?? Responsabilidades: Auxiliar na instala\u00e7\u00e3o e manuten\u00e7\u00e3o de aparelhos de ar-condicionado, c\u00e2maras frias e sistemas de refrigera\u00e7\u00e3o comercial e industrial. Apoiar na identifica\u00e7\u00e3o e corre\u00e7\u00e3o de falhas t\u00e9cnicas. Realizar limpeza e higieniza\u00e7\u00e3o de equipamentos. Transportar ferramentas e materiais para execu\u00e7\u00e3o dos servi\u00e7os. Seguir normas de seguran\u00e7a e procedimentos t\u00e9cnicos. Preencher relat\u00f3rios simples de atendimento, quando [&hellip;]<\/p>\n","protected":false},"author":1,"featured_media":0,"comment_status":"open","ping_status":"open","sticky":false,"template":"","format":"standard","meta":{"footnotes":""},"categories":[21],"tags":[],"class_list":["post-3766","post","type-post","status-publish","format-standard","hentry","category-rio-de-janeiro-rj"],"_links":{"self":[{"href":"https:\/\/vagas.portalemprego.com.br\/index.php?rest_route=\/wp\/v2\/posts\/3766","targetHints":{"allow":["GET"]}}],"collection":[{"href":"https:\/\/vagas.portalemprego.com.br\/index.php?rest_route=\/wp\/v2\/posts"}],"about":[{"href":"https:\/\/vagas.portalemprego.com.br\/index.php?rest_route=\/wp\/v2\/types\/post"}],"author":[{"embeddable":true,"href":"https:\/\/vagas.portalemprego.com.br\/index.php?rest_route=\/wp\/v2\/users\/1"}],"replies":[{"embeddable":true,"href":"https:\/\/vagas.portalemprego.com.br\/index.php?rest_route=%2Fwp%2Fv2%2Fcomments&post=3766"}],"version-history":[{"count":0,"href":"https:\/\/vagas.portalemprego.com.br\/index.php?rest_route=\/wp\/v2\/posts\/3766\/revisions"}],"wp:attachment":[{"href":"https:\/\/vagas.portalemprego.com.br\/index.php?rest_route=%2Fwp%2Fv2%2Fmedia&parent=3766"}],"wp:term":[{"taxonomy":"category","embeddable":true,"href":"https:\/\/vagas.portalemprego.com.br\/index.php?rest_route=%2Fwp%2Fv2%2Fcategories&post=3766"},{"taxonomy":"post_tag","embeddable":true,"href":"https:\/\/vagas.portalemprego.com.br\/index.php?rest_route=%2Fwp%2Fv2%2Ftags&post=3766"}],"curies":[{"name":"wp","href":"https:\/\/api.w.org\/{rel}","templated":true}]}}