{"id":3768,"date":"2026-04-29T06:13:13","date_gmt":"2026-04-29T09:13:13","guid":{"rendered":"https:\/\/vagas.portalemprego.com.br\/?p=3768"},"modified":"2026-04-29T06:13:13","modified_gmt":"2026-04-29T09:13:13","slug":"jardineiro-meio-ambiente-ecologia-rio-de-janeiro","status":"publish","type":"post","link":"https:\/\/vagas.portalemprego.com.br\/?p=3768","title":{"rendered":"Jardineiro &#8211; Meio Ambiente, Ecologia &#8211; Rio de Janeiro"},"content":{"rendered":"<p>Estamos em busca de um Jardineiro dedicado, respons\u00e1vel e comprometido com a manuten\u00e7\u00e3o e o cuidado de \u00e1reas verdes.<br \/>\n?? Responsabilidades:<br \/>\nRealizar plantio, poda, irriga\u00e7\u00e3o e aduba\u00e7\u00e3o de plantas, flores, arbustos e \u00e1rvores.<br \/>\nManter gramados aparados e \u00e1reas externas limpas e organizadas.<br \/>\nIdentificar pragas e doen\u00e7as, aplicando tratamentos adequados.<br \/>\nOperar equipamentos como ro\u00e7adeiras, cortadores de grama e sopradores.<br \/>\nPreparar o solo para plantio e realizar manuten\u00e7\u00e3o de canteiros.<br \/>\nZelar pela conserva\u00e7\u00e3o de ferramentas e equipamentos.<\/p>\n<ul>\n<li>N\u00famero de vagas: 5<\/li>\n<li>Local de trabalho: Rio de Janeiro, RJ<\/li>\n<li>Regime de contrata\u00e7\u00e3o de tipo: Efetivo \u2013 CLT<\/li>\n<li>Jornada: Per\u00edodo Integral<\/li>\n<li>\u00c1rea e especializa\u00e7\u00e3o profissional: Meio Ambiente, Ecologia &#8211; Sustentabilidade<\/li>\n<li>N\u00edvel hier\u00e1rquico: Operacional<\/li>\n<\/ul>\n<p>VALORIZADO<\/p>\n<p>Tempo de experi\u00eancia: Entre 1 e 3 anos<\/p>\n<p>Escolaridade M\u00ednima: Ensino Fundamental (1\u00ba grau)<\/p>\n<ul>\n<li>Plano de sa\u00fade<\/li>\n<li>Vale refei\u00e7\u00e3o<\/li>\n<li>Vale transporte<\/li>\n<\/ul>\n<p>Sal\u00e1rio: 2830,99<\/p>\n","protected":false},"excerpt":{"rendered":"<p>Estamos em busca de um Jardineiro dedicado, respons\u00e1vel e comprometido com a manuten\u00e7\u00e3o e o cuidado de \u00e1reas verdes. ?? Responsabilidades: Realizar plantio, poda, irriga\u00e7\u00e3o e aduba\u00e7\u00e3o de plantas, flores, arbustos e \u00e1rvores. Manter gramados aparados e \u00e1reas externas limpas e organizadas. Identificar pragas e doen\u00e7as, aplicando tratamentos adequados. Operar equipamentos como ro\u00e7adeiras, cortadores de [&hellip;]<\/p>\n","protected":false},"author":1,"featured_media":0,"comment_status":"open","ping_status":"open","sticky":false,"template":"","format":"standard","meta":{"footnotes":""},"categories":[21],"tags":[],"class_list":["post-3768","post","type-post","status-publish","format-standard","hentry","category-rio-de-janeiro-rj"],"_links":{"self":[{"href":"https:\/\/vagas.portalemprego.com.br\/index.php?rest_route=\/wp\/v2\/posts\/3768","targetHints":{"allow":["GET"]}}],"collection":[{"href":"https:\/\/vagas.portalemprego.com.br\/index.php?rest_route=\/wp\/v2\/posts"}],"about":[{"href":"https:\/\/vagas.portalemprego.com.br\/index.php?rest_route=\/wp\/v2\/types\/post"}],"author":[{"embeddable":true,"href":"https:\/\/vagas.portalemprego.com.br\/index.php?rest_route=\/wp\/v2\/users\/1"}],"replies":[{"embeddable":true,"href":"https:\/\/vagas.portalemprego.com.br\/index.php?rest_route=%2Fwp%2Fv2%2Fcomments&post=3768"}],"version-history":[{"count":0,"href":"https:\/\/vagas.portalemprego.com.br\/index.php?rest_route=\/wp\/v2\/posts\/3768\/revisions"}],"wp:attachment":[{"href":"https:\/\/vagas.portalemprego.com.br\/index.php?rest_route=%2Fwp%2Fv2%2Fmedia&parent=3768"}],"wp:term":[{"taxonomy":"category","embeddable":true,"href":"https:\/\/vagas.portalemprego.com.br\/index.php?rest_route=%2Fwp%2Fv2%2Fcategories&post=3768"},{"taxonomy":"post_tag","embeddable":true,"href":"https:\/\/vagas.portalemprego.com.br\/index.php?rest_route=%2Fwp%2Fv2%2Ftags&post=3768"}],"curies":[{"name":"wp","href":"https:\/\/api.w.org\/{rel}","templated":true}]}}