{"id":3772,"date":"2026-04-29T06:13:13","date_gmt":"2026-04-29T09:13:13","guid":{"rendered":"https:\/\/vagas.portalemprego.com.br\/?p=3772"},"modified":"2026-04-29T06:13:13","modified_gmt":"2026-04-29T09:13:13","slug":"supervisor-de-corte-industrial-producao-fabrica-rio-de-janeiro-2","status":"publish","type":"post","link":"https:\/\/vagas.portalemprego.com.br\/?p=3772","title":{"rendered":"Supervisor de Corte &#8211; Industrial, Produ\u00e7\u00e3o, F\u00e1brica &#8211; Rio de Janeiro"},"content":{"rendered":"<p>Responsabilidades e atribui\u00e7\u00f5es:\u00a0<br \/>\n\u00b7\u00a0\u00a0\u00a0\u00a0\u00a0\u00a0Gest\u00e3o de equipe de corte (controle de ponto, acompanhamento dos encarregados e gest\u00e3o da rotina);<br \/>\n\u00b7\u00a0\u00a0\u00a0\u00a0\u00a0\u00a0Gest\u00e3o dos indicadores e metas da \u00e1rea (envio de relat\u00f3rios para acompanhamento dos resultados);<br \/>\n\u00b7\u00a0\u00a0\u00a0\u00a0\u00a0\u00a0Interface com o Estilo das marcas, compras, pcp e \u00e1reas afins;<br \/>\n\u00b7\u00a0\u00a0\u00a0\u00a0\u00a0\u00a0Padronizar a Rotina e Processos do setor de corte;<br \/>\n\u00b7\u00a0\u00a0\u00a0\u00a0\u00a0\u00a0Interface com fornecedores de corte externo para orienta\u00e7\u00e3o e tratativa de ocorr\u00eancias;<br \/>\n\u00b7\u00a0\u00a0\u00a0\u00a0\u00a0\u00a0Acompanhamento de chamados;<br \/>\n\u00b7\u00a0\u00a0\u00a0\u00a0\u00a0\u00a0Implementar boas pr\u00e1ticas de fabrica\u00e7\u00e3o buscando redu\u00e7\u00e3o de insumos e aumento de efici\u00eancia do setor.<br \/>\nRequisitos e qualifica\u00e7\u00f5es:\u00a0<br \/>\n\u00b7\u00a0\u00a0\u00a0\u00a0\u00a0\u00a0Desej\u00e1vel Curso superior cursando ou completo, engenharias, tecn\u00f3logo e \u00e1reas afins;<br \/>\n\u00b7\u00a0\u00a0\u00a0\u00a0\u00a0\u00a0Gest\u00e3o: Indicadores de desempenho, M\u00e9todos de An\u00e1lise e Solu\u00e7\u00e3o de Problemas e An\u00e1lise de Falhas, gest\u00e3o da rotina;<br \/>\n\u00b7\u00a0\u00a0\u00a0\u00a0\u00a0\u00a0Gest\u00e3o de equipes e\u00a0conhecimento na \u00e1rea de corte de tecido; (mandat\u00f3rio);<br \/>\n\u00b7\u00a0\u00a0\u00a0\u00a0\u00a0\u00a0Ter experi\u00eancia no ramo T\u00eaxtil;<br \/>\n\u00b7\u00a0\u00a0\u00a0\u00a0\u00a0\u00a0Sistemas: Pacote Office (n\u00edvel intermedi\u00e1rio), conhecimento em sistema integrado (linx, PLM ser\u00e1 um diferencial).<br \/>\nInforma\u00e7\u00f5es adicionais:\u00a0<br \/>\nOrganiza\u00e7\u00e3o, motiva\u00e7\u00e3o, lideran\u00e7a, criatividade, senso de urg\u00eancia, gest\u00e3o de conflitos, facilidade de relacionamento, an\u00e1lise cr\u00edtica, facilidade de cumprir e liderar rotina.<\/p>\n<ul>\n<li>Local de trabalho: Rio de Janeiro, RJ<\/li>\n<li>Regime de contrata\u00e7\u00e3o de tipo: Efetivo \u2013 CLT<\/li>\n<li>Jornada: Noturno<\/li>\n<li>\u00c1rea e especializa\u00e7\u00e3o profissional: Industrial, Produ\u00e7\u00e3o, F\u00e1brica &#8211; Produ\u00e7\u00e3o<\/li>\n<li>N\u00edvel hier\u00e1rquico: Supervisor<\/li>\n<\/ul>\n<p>Escolaridade M\u00ednima: Ensino Superior<\/p>\n","protected":false},"excerpt":{"rendered":"<p>Responsabilidades e atribui\u00e7\u00f5es:\u00a0 \u00b7\u00a0\u00a0\u00a0\u00a0\u00a0\u00a0Gest\u00e3o de equipe de corte (controle de ponto, acompanhamento dos encarregados e gest\u00e3o da rotina); \u00b7\u00a0\u00a0\u00a0\u00a0\u00a0\u00a0Gest\u00e3o dos indicadores e metas da \u00e1rea (envio de relat\u00f3rios para acompanhamento dos resultados); \u00b7\u00a0\u00a0\u00a0\u00a0\u00a0\u00a0Interface com o Estilo das marcas, compras, pcp e \u00e1reas afins; \u00b7\u00a0\u00a0\u00a0\u00a0\u00a0\u00a0Padronizar a Rotina e Processos do setor de corte; \u00b7\u00a0\u00a0\u00a0\u00a0\u00a0\u00a0Interface com fornecedores [&hellip;]<\/p>\n","protected":false},"author":1,"featured_media":0,"comment_status":"open","ping_status":"open","sticky":false,"template":"","format":"standard","meta":{"footnotes":""},"categories":[21],"tags":[],"class_list":["post-3772","post","type-post","status-publish","format-standard","hentry","category-rio-de-janeiro-rj"],"_links":{"self":[{"href":"https:\/\/vagas.portalemprego.com.br\/index.php?rest_route=\/wp\/v2\/posts\/3772","targetHints":{"allow":["GET"]}}],"collection":[{"href":"https:\/\/vagas.portalemprego.com.br\/index.php?rest_route=\/wp\/v2\/posts"}],"about":[{"href":"https:\/\/vagas.portalemprego.com.br\/index.php?rest_route=\/wp\/v2\/types\/post"}],"author":[{"embeddable":true,"href":"https:\/\/vagas.portalemprego.com.br\/index.php?rest_route=\/wp\/v2\/users\/1"}],"replies":[{"embeddable":true,"href":"https:\/\/vagas.portalemprego.com.br\/index.php?rest_route=%2Fwp%2Fv2%2Fcomments&post=3772"}],"version-history":[{"count":0,"href":"https:\/\/vagas.portalemprego.com.br\/index.php?rest_route=\/wp\/v2\/posts\/3772\/revisions"}],"wp:attachment":[{"href":"https:\/\/vagas.portalemprego.com.br\/index.php?rest_route=%2Fwp%2Fv2%2Fmedia&parent=3772"}],"wp:term":[{"taxonomy":"category","embeddable":true,"href":"https:\/\/vagas.portalemprego.com.br\/index.php?rest_route=%2Fwp%2Fv2%2Fcategories&post=3772"},{"taxonomy":"post_tag","embeddable":true,"href":"https:\/\/vagas.portalemprego.com.br\/index.php?rest_route=%2Fwp%2Fv2%2Ftags&post=3772"}],"curies":[{"name":"wp","href":"https:\/\/api.w.org\/{rel}","templated":true}]}}