{"id":3774,"date":"2026-04-29T06:13:13","date_gmt":"2026-04-29T09:13:13","guid":{"rendered":"https:\/\/vagas.portalemprego.com.br\/?p=3774"},"modified":"2026-04-29T06:13:13","modified_gmt":"2026-04-29T09:13:13","slug":"analista-de-risco-e-compliance-jr-administracao-macae","status":"publish","type":"post","link":"https:\/\/vagas.portalemprego.com.br\/?p=3774","title":{"rendered":"Analista de Risco e Compliance Jr &#8211; Administra\u00e7\u00e3o &#8211; Maca\u00e9"},"content":{"rendered":"<p>Venha fazer parte da nossa equipe e transformar o cuidado em experi\u00eancia!<br \/>\nSe voc\u00ea \u00e9 Profissional de Risco e Compliance, orientado(a) a resultados e apaixonado(a) por pessoas, candidate-se e junte-se \u00e0 Unimed Costa do Sol.<br \/>\nPrincipais Atividades:<br \/>\nAtuar na \u00e1rea de Governan\u00e7a Corporativa, auxiliando no processo de an\u00e1lise cr\u00edtica de processos de alta complexidade e dos contratos e licen\u00e7as pertinentes.<br \/>\nParticipar da elabora\u00e7\u00e3o e implementa\u00e7\u00e3o de pol\u00edticas, processos, procedimentos e controles internos, bem como da adequa\u00e7\u00e3o destes \u00e0s regras e diretrizes da empresa.<br \/>\nPrestar apoio na avalia\u00e7\u00e3o e cumprimento de normas internas, legisla\u00e7\u00f5es e regulamenta\u00e7\u00f5es governamentais.<br \/>\nAuxiliar na realiza\u00e7\u00e3o de revis\u00f5es internas, bem como identificar riscos, for\u00e7as e fraquezas de compliance.<br \/>\nPrestar suporte ao desenvolvimento de estrat\u00e9gias de gerenciamento de riscos e compliance.<br \/>\nParticipar de processos de investiga\u00e7\u00f5es relacionadas a den\u00fancias recebidas, junto \u00e0s \u00e1reas pertinentes e superiores.<br \/>\nRequisitos:<br \/>\nEnsino superior completo em Direito, Ci\u00eancias Cont\u00e1beis, Administra\u00e7\u00e3o ou \u00e1reas correlatas;<br \/>\nExperi\u00eancia pr\u00e9via em Compliance.<br \/>\nViv\u00eancia em ferramentas de gest\u00e3o de riscos, canal de denuncias e normas de acredita\u00e7\u00e3o.<\/p>\n<p>As oportunidades da Unimed Costa do Sol tamb\u00e9m s\u00e3o estendidas para Pessoas com Defici\u00eancia (PCD\u2019s).Executar atividades envolvendo subsistemas de RH, com foco em Recrutamento e Sele\u00e7\u00e3o.<\/p>\n<ul>\n<li>Local de trabalho: Maca\u00e9, RJ<\/li>\n<li>Regime de contrata\u00e7\u00e3o de tipo: Efetivo \u2013 CLT<\/li>\n<li>Jornada: Per\u00edodo Integral<\/li>\n<li>\u00c1rea e especializa\u00e7\u00e3o profissional: Administra\u00e7\u00e3o &#8211; Administra\u00e7\u00e3o Geral<\/li>\n<li>N\u00edvel hier\u00e1rquico: Analista<\/li>\n<\/ul>\n<p>HABILIDADES<\/p>\n<ul>\n<li>Compliance<\/li>\n<\/ul>\n<p>Escolaridade M\u00ednima: Ensino Superior<\/p>\n<p>Forma\u00e7\u00e3o desejada:<\/p>\n<ul>\n<li>Administra\u00e7\u00e3o de empresas, Ensino Superior<\/li>\n<li>Ci\u00eancias cont\u00e1beis, Ensino Superior<\/li>\n<li>Direito, Ensino Superior<\/li>\n<\/ul>\n<ul>\n<li>Plano de Sa\u00fade<\/li>\n<li>Programa de Apoio ao Empregado<\/li>\n<li>Vale Transporte<\/li>\n<li>Aux\u00edlio Educa\u00e7\u00e3o<\/li>\n<li>Vale alimenta\u00e7\u00e3o ou refei\u00e7\u00e3o<\/li>\n<li>Wellhub<\/li>\n<li>Day Off Anivers\u00e1rio<\/li>\n<\/ul>\n","protected":false},"excerpt":{"rendered":"<p>Venha fazer parte da nossa equipe e transformar o cuidado em experi\u00eancia! Se voc\u00ea \u00e9 Profissional de Risco e Compliance, orientado(a) a resultados e apaixonado(a) por pessoas, candidate-se e junte-se \u00e0 Unimed Costa do Sol. Principais Atividades: Atuar na \u00e1rea de Governan\u00e7a Corporativa, auxiliando no processo de an\u00e1lise cr\u00edtica de processos de alta complexidade e [&hellip;]<\/p>\n","protected":false},"author":1,"featured_media":0,"comment_status":"open","ping_status":"open","sticky":false,"template":"","format":"standard","meta":{"footnotes":""},"categories":[21],"tags":[],"class_list":["post-3774","post","type-post","status-publish","format-standard","hentry","category-rio-de-janeiro-rj"],"_links":{"self":[{"href":"https:\/\/vagas.portalemprego.com.br\/index.php?rest_route=\/wp\/v2\/posts\/3774","targetHints":{"allow":["GET"]}}],"collection":[{"href":"https:\/\/vagas.portalemprego.com.br\/index.php?rest_route=\/wp\/v2\/posts"}],"about":[{"href":"https:\/\/vagas.portalemprego.com.br\/index.php?rest_route=\/wp\/v2\/types\/post"}],"author":[{"embeddable":true,"href":"https:\/\/vagas.portalemprego.com.br\/index.php?rest_route=\/wp\/v2\/users\/1"}],"replies":[{"embeddable":true,"href":"https:\/\/vagas.portalemprego.com.br\/index.php?rest_route=%2Fwp%2Fv2%2Fcomments&post=3774"}],"version-history":[{"count":0,"href":"https:\/\/vagas.portalemprego.com.br\/index.php?rest_route=\/wp\/v2\/posts\/3774\/revisions"}],"wp:attachment":[{"href":"https:\/\/vagas.portalemprego.com.br\/index.php?rest_route=%2Fwp%2Fv2%2Fmedia&parent=3774"}],"wp:term":[{"taxonomy":"category","embeddable":true,"href":"https:\/\/vagas.portalemprego.com.br\/index.php?rest_route=%2Fwp%2Fv2%2Fcategories&post=3774"},{"taxonomy":"post_tag","embeddable":true,"href":"https:\/\/vagas.portalemprego.com.br\/index.php?rest_route=%2Fwp%2Fv2%2Ftags&post=3774"}],"curies":[{"name":"wp","href":"https:\/\/api.w.org\/{rel}","templated":true}]}}