{"id":3775,"date":"2026-04-29T06:13:13","date_gmt":"2026-04-29T09:13:13","guid":{"rendered":"https:\/\/vagas.portalemprego.com.br\/?p=3775"},"modified":"2026-04-29T06:13:13","modified_gmt":"2026-04-29T09:13:13","slug":"fiscal-de-prevencao-de-perdas-seguranca-rio-de-janeiro","status":"publish","type":"post","link":"https:\/\/vagas.portalemprego.com.br\/?p=3775","title":{"rendered":"Fiscal de Preven\u00e7\u00e3o de Perdas &#8211; Seguran\u00e7a &#8211; Rio de Janeiro"},"content":{"rendered":"<p>Oportunidade: A Superpax Rede Economia est\u00e1 em busca de um Fiscal de Preven\u00e7\u00e3o de Perdas para atuar em nossa sede. Esta \u00e9 uma chance de fazer parte de uma equipe comprometida com a seguran\u00e7a e o crescimento da empresa.<br \/>\nFun\u00e7\u00f5es:<br \/>\nRealizar atividades de preven\u00e7\u00e3o de perdas<br \/>\nAcompanhar processos de auditoria interna<br \/>\nColaborar com o desenvolvimento de pol\u00edticas de seguran\u00e7a<br \/>\nRequisitos:<br \/>\nExperi\u00eancia em preven\u00e7\u00e3o de perdas<br \/>\nConhecimento em seguran\u00e7a patrimonial<br \/>\nCapacidade de an\u00e1lise de dados<br \/>\nHabilidade em comunica\u00e7\u00e3o e colabora\u00e7\u00e3o<\/p>\n<p>Benef\u00edcios:<br \/>\nRefei\u00e7\u00e3o no local<br \/>\nAssist\u00eancia m\u00e9dica<br \/>\nOferecemos um ambiente de trabalho din\u00e2mico<br \/>\nAmbiente de trabalho colaborativo e de apoio<br \/>\nEsta oportunidade \u00e9 presencial e visa a quem deseja contribuir com um trabalho que impacta diretamente na seguran\u00e7a e no crescimento da empresa.<\/p>\n<ul>\n<li>N\u00famero de vagas: 20<\/li>\n<li>Local de trabalho: Rio de Janeiro, RJ<\/li>\n<li>Regime de contrata\u00e7\u00e3o de tipo: Efetivo \u2013 CLT<\/li>\n<li>Jornada: Per\u00edodo Integral<\/li>\n<li>\u00c1rea e especializa\u00e7\u00e3o profissional: Seguran\u00e7a &#8211; Fiscaliza\u00e7\u00e3o<\/li>\n<li>N\u00edvel hier\u00e1rquico: Operacional<\/li>\n<\/ul>\n<p>VALORIZADO<\/p>\n<p>Tempo de experi\u00eancia: Menos de 1 ano<\/p>\n<p>HABILIDADES<\/p>\n<ul>\n<li>colabora\u00e7\u00e3o<\/li>\n<li>proatividade<\/li>\n<li>concentra\u00e7\u00e3o<\/li>\n<li>habilidade<\/li>\n<li>organiza\u00e7\u00e3o<\/li>\n<li>aten\u00e7\u00e3o<\/li>\n<li>comprometimento<\/li>\n<\/ul>\n<p>Escolaridade M\u00ednima: Ensino M\u00e9dio (2\u00ba Grau)<\/p>\n<ul>\n<li>Premia\u00e7\u00e3o por meta<\/li>\n<li>Refei\u00e7\u00e3o no local<\/li>\n<li>Vale transporte<\/li>\n<li>Assistencia Medica<\/li>\n<\/ul>\n<p>Sal\u00e1rio: 1810,0<\/p>\n","protected":false},"excerpt":{"rendered":"<p>Oportunidade: A Superpax Rede Economia est\u00e1 em busca de um Fiscal de Preven\u00e7\u00e3o de Perdas para atuar em nossa sede. Esta \u00e9 uma chance de fazer parte de uma equipe comprometida com a seguran\u00e7a e o crescimento da empresa. Fun\u00e7\u00f5es: Realizar atividades de preven\u00e7\u00e3o de perdas Acompanhar processos de auditoria interna Colaborar com o desenvolvimento [&hellip;]<\/p>\n","protected":false},"author":1,"featured_media":0,"comment_status":"open","ping_status":"open","sticky":false,"template":"","format":"standard","meta":{"footnotes":""},"categories":[21],"tags":[],"class_list":["post-3775","post","type-post","status-publish","format-standard","hentry","category-rio-de-janeiro-rj"],"_links":{"self":[{"href":"https:\/\/vagas.portalemprego.com.br\/index.php?rest_route=\/wp\/v2\/posts\/3775","targetHints":{"allow":["GET"]}}],"collection":[{"href":"https:\/\/vagas.portalemprego.com.br\/index.php?rest_route=\/wp\/v2\/posts"}],"about":[{"href":"https:\/\/vagas.portalemprego.com.br\/index.php?rest_route=\/wp\/v2\/types\/post"}],"author":[{"embeddable":true,"href":"https:\/\/vagas.portalemprego.com.br\/index.php?rest_route=\/wp\/v2\/users\/1"}],"replies":[{"embeddable":true,"href":"https:\/\/vagas.portalemprego.com.br\/index.php?rest_route=%2Fwp%2Fv2%2Fcomments&post=3775"}],"version-history":[{"count":0,"href":"https:\/\/vagas.portalemprego.com.br\/index.php?rest_route=\/wp\/v2\/posts\/3775\/revisions"}],"wp:attachment":[{"href":"https:\/\/vagas.portalemprego.com.br\/index.php?rest_route=%2Fwp%2Fv2%2Fmedia&parent=3775"}],"wp:term":[{"taxonomy":"category","embeddable":true,"href":"https:\/\/vagas.portalemprego.com.br\/index.php?rest_route=%2Fwp%2Fv2%2Fcategories&post=3775"},{"taxonomy":"post_tag","embeddable":true,"href":"https:\/\/vagas.portalemprego.com.br\/index.php?rest_route=%2Fwp%2Fv2%2Ftags&post=3775"}],"curies":[{"name":"wp","href":"https:\/\/api.w.org\/{rel}","templated":true}]}}