{"id":3777,"date":"2026-04-29T06:14:14","date_gmt":"2026-04-29T09:14:14","guid":{"rendered":"https:\/\/vagas.portalemprego.com.br\/?p=3777"},"modified":"2026-04-29T06:14:14","modified_gmt":"2026-04-29T09:14:14","slug":"auxiliar-de-manutencao-de-maquinas-e-equipamentos-construcao-manutencao-duque-de-caxias-4","status":"publish","type":"post","link":"https:\/\/vagas.portalemprego.com.br\/?p=3777","title":{"rendered":"Auxiliar de Manuten\u00e7\u00e3o de M\u00e1quinas e Equipamentos &#8211; Constru\u00e7\u00e3o, Manuten\u00e7\u00e3o &#8211; Duque de Caxias"},"content":{"rendered":"<p>GRUPO\u00a0OPUS\u00a0CONTRATA\u00a0PARA\u00a0TRABALHAR\u00a0TERCEIRIZADO\u00a0NA\u00a0NESTLE\u00a0<br \/>\nAUXILIAR\u00a0DE\u00a0MANUTEN\u00c7\u00c3O<br \/>\nLocalidade\u00a0de\u00a0atua\u00e7\u00e3o:\u00a0Rodovia\u00a0Washington\u00a0Luiz,\u00a020755\u00a0GO\u00a028\u00a0Log\u00edstica\u00a0GLP,\u00a0portaria\u00a0JSL\u00a0Vila\u00a0Antonio\u00a0&#8211;\u00a0CEP\u00a025225-015\u00a0&#8211;\u00a0Duque\u00a0de\u00a0Caxias\u00a0&#8211;\u00a0RJ<br \/>\nOferecemos\u00a0:<br \/>\nSal\u00e1rio:\u00a0R$1.731\u00a0+\u00a0Refei\u00e7\u00e3o\u00a0no\u00a0local\u00a0+\u00a0Vale\u00a0transporte.<br \/>\nAtividades:\u00a0Prepara\u00e7\u00e3o,\u00a0montagem\u00a0e\u00a0higieniza\u00e7\u00e3o\u00a0das\u00a0maquinas\u00a0e\u00a0pe\u00e7as\u00a0de\u00a0caf\u00e9.<br \/>\nHor\u00e1rios:\u00a0Das\u00a08:00\u00a0\u00e1s\u00a017:48\u00a0de\u00a0segunda\u00a0\u00e1\u00a0sexta\u00a0feira.<\/p>\n<ul>\n<li>Local de trabalho: Duque de Caxias, RJ<\/li>\n<li>Regime de contrata\u00e7\u00e3o de tipo: Efetivo \u2013 CLT<\/li>\n<li>Jornada: Per\u00edodo Integral<\/li>\n<li>\u00c1rea e especializa\u00e7\u00e3o profissional: Constru\u00e7\u00e3o, Manuten\u00e7\u00e3o &#8211; Manuten\u00e7\u00e3o de Maquinaria<\/li>\n<li>N\u00edvel hier\u00e1rquico: Auxiliar<\/li>\n<\/ul>\n<p>Escolaridade M\u00ednima: Ensino Fundamental (1\u00ba grau)<\/p>\n<p>Sal\u00e1rio: 1900,0<\/p>\n","protected":false},"excerpt":{"rendered":"<p>GRUPO\u00a0OPUS\u00a0CONTRATA\u00a0PARA\u00a0TRABALHAR\u00a0TERCEIRIZADO\u00a0NA\u00a0NESTLE\u00a0 AUXILIAR\u00a0DE\u00a0MANUTEN\u00c7\u00c3O Localidade\u00a0de\u00a0atua\u00e7\u00e3o:\u00a0Rodovia\u00a0Washington\u00a0Luiz,\u00a020755\u00a0GO\u00a028\u00a0Log\u00edstica\u00a0GLP,\u00a0portaria\u00a0JSL\u00a0Vila\u00a0Antonio\u00a0&#8211;\u00a0CEP\u00a025225-015\u00a0&#8211;\u00a0Duque\u00a0de\u00a0Caxias\u00a0&#8211;\u00a0RJ Oferecemos\u00a0: Sal\u00e1rio:\u00a0R$1.731\u00a0+\u00a0Refei\u00e7\u00e3o\u00a0no\u00a0local\u00a0+\u00a0Vale\u00a0transporte. Atividades:\u00a0Prepara\u00e7\u00e3o,\u00a0montagem\u00a0e\u00a0higieniza\u00e7\u00e3o\u00a0das\u00a0maquinas\u00a0e\u00a0pe\u00e7as\u00a0de\u00a0caf\u00e9. Hor\u00e1rios:\u00a0Das\u00a08:00\u00a0\u00e1s\u00a017:48\u00a0de\u00a0segunda\u00a0\u00e1\u00a0sexta\u00a0feira. Local de trabalho: Duque de Caxias, RJ Regime de contrata\u00e7\u00e3o de tipo: Efetivo \u2013 CLT Jornada: Per\u00edodo Integral \u00c1rea e especializa\u00e7\u00e3o profissional: Constru\u00e7\u00e3o, Manuten\u00e7\u00e3o &#8211; Manuten\u00e7\u00e3o de Maquinaria N\u00edvel hier\u00e1rquico: Auxiliar Escolaridade M\u00ednima: Ensino Fundamental (1\u00ba grau) Sal\u00e1rio: 1900,0<\/p>\n","protected":false},"author":1,"featured_media":0,"comment_status":"open","ping_status":"open","sticky":false,"template":"","format":"standard","meta":{"footnotes":""},"categories":[21],"tags":[],"class_list":["post-3777","post","type-post","status-publish","format-standard","hentry","category-rio-de-janeiro-rj"],"_links":{"self":[{"href":"https:\/\/vagas.portalemprego.com.br\/index.php?rest_route=\/wp\/v2\/posts\/3777","targetHints":{"allow":["GET"]}}],"collection":[{"href":"https:\/\/vagas.portalemprego.com.br\/index.php?rest_route=\/wp\/v2\/posts"}],"about":[{"href":"https:\/\/vagas.portalemprego.com.br\/index.php?rest_route=\/wp\/v2\/types\/post"}],"author":[{"embeddable":true,"href":"https:\/\/vagas.portalemprego.com.br\/index.php?rest_route=\/wp\/v2\/users\/1"}],"replies":[{"embeddable":true,"href":"https:\/\/vagas.portalemprego.com.br\/index.php?rest_route=%2Fwp%2Fv2%2Fcomments&post=3777"}],"version-history":[{"count":0,"href":"https:\/\/vagas.portalemprego.com.br\/index.php?rest_route=\/wp\/v2\/posts\/3777\/revisions"}],"wp:attachment":[{"href":"https:\/\/vagas.portalemprego.com.br\/index.php?rest_route=%2Fwp%2Fv2%2Fmedia&parent=3777"}],"wp:term":[{"taxonomy":"category","embeddable":true,"href":"https:\/\/vagas.portalemprego.com.br\/index.php?rest_route=%2Fwp%2Fv2%2Fcategories&post=3777"},{"taxonomy":"post_tag","embeddable":true,"href":"https:\/\/vagas.portalemprego.com.br\/index.php?rest_route=%2Fwp%2Fv2%2Ftags&post=3777"}],"curies":[{"name":"wp","href":"https:\/\/api.w.org\/{rel}","templated":true}]}}