{"id":3778,"date":"2026-04-29T06:14:14","date_gmt":"2026-04-29T09:14:14","guid":{"rendered":"https:\/\/vagas.portalemprego.com.br\/?p=3778"},"modified":"2026-04-29T06:14:14","modified_gmt":"2026-04-29T09:14:14","slug":"auxiliar-de-limpeza-servicos-gerais-rio-de-janeiro-15","status":"publish","type":"post","link":"https:\/\/vagas.portalemprego.com.br\/?p=3778","title":{"rendered":"Auxiliar de Limpeza &#8211; Servi\u00e7os Gerais &#8211; Rio de Janeiro"},"content":{"rendered":"<p>RHF Talentos seleciona para um de nossos clientes no ramo de Marcenaria:<br \/>\nAuxiliar de Servi\u00e7os Gerais<br \/>\nAtribui\u00e7\u00f5es:<br \/>\nDesenvolver atividades de Limpeza e conserva\u00e7\u00e3o de ambientes internos e externos<br \/>\nFazer reposi\u00e7\u00e3o de materiais de higiene<br \/>\nRealizar coleta e descarte de lixo, respeitando as normas de limpeza<br \/>\nRealizar carregamento e descarregamento em geral<br \/>\nLimpar pisos, vidros, janelas e mobili\u00e1rios diversos<br \/>\nSal\u00e1rio e benef\u00edcios:<br \/>\nR$ 1.621,00 + vale transporte + Vale Refei\u00e7\u00e3o(R$600,00\/m\u00eas)+ B\u00f4nus por Produ\u00e7\u00e3o Trimestral + Plano de Sa\u00fade e Odontol\u00f3gico (Ap\u00f3s o per\u00edodo da experi\u00eancia)<br \/>\nCompet\u00eancias:<br \/>\nSaber trabalhar bem em equipe<br \/>\nSer prudente com o trabalho<br \/>\nSer organizado<br \/>\nTer flexibilidade<br \/>\nPro atividade<br \/>\nAgilidade<br \/>\nVontade de crescer na profiss\u00e3o<br \/>\nEscolaridade:<br \/>\nM\u00ednimo ensino Fundamental Completo<br \/>\nCarga hor\u00e1ria:<br \/>\nDe Segunda a Quinta de 07:00h as 17:00h (com 1h de Almo\u00e7o) e sexta de 07:00h \u00e0s 16:00h (com 1h de Almo\u00e7o).<br \/>\nExperi\u00eancia:<br \/>\nSeis meses comprovado em carteira como Auxiliar de Limpeza<br \/>\nObs:<br \/>\nPossuir f\u00e1cil acesso \u00e0 Benfica, Zona Norte do Rio<br \/>\nCurr\u00edculos fora do perfil ser\u00e3o descartados.<\/p>\n<ul>\n<li>Local de trabalho: Rio de Janeiro, RJ<\/li>\n<li>Regime de contrata\u00e7\u00e3o de tipo: Efetivo \u2013 CLT<\/li>\n<li>Jornada: Per\u00edodo Integral<\/li>\n<li>\u00c1rea e especializa\u00e7\u00e3o profissional: Servi\u00e7os Gerais &#8211; Limpeza<\/li>\n<li>N\u00edvel hier\u00e1rquico: Auxiliar<\/li>\n<\/ul>\n<p>VALORIZADO<\/p>\n<p>Tempo de experi\u00eancia: Entre 3 e 5 anos<\/p>\n<p>Escolaridade M\u00ednima: Ensino Fundamental (1\u00ba grau)<\/p>\n<ul>\n<li>Vale-transporte<\/li>\n<li>Vale-refei\u00e7\u00e3o<\/li>\n<li>B\u00f4nus por resultado<\/li>\n<li>Assist\u00eancia m\u00e9dica<\/li>\n<li>Assist\u00eancia odontol\u00f3gica<\/li>\n<\/ul>\n<p>Sal\u00e1rio: 1621,0<\/p>\n","protected":false},"excerpt":{"rendered":"<p>RHF Talentos seleciona para um de nossos clientes no ramo de Marcenaria: Auxiliar de Servi\u00e7os Gerais Atribui\u00e7\u00f5es: Desenvolver atividades de Limpeza e conserva\u00e7\u00e3o de ambientes internos e externos Fazer reposi\u00e7\u00e3o de materiais de higiene Realizar coleta e descarte de lixo, respeitando as normas de limpeza Realizar carregamento e descarregamento em geral Limpar pisos, vidros, janelas [&hellip;]<\/p>\n","protected":false},"author":1,"featured_media":0,"comment_status":"open","ping_status":"open","sticky":false,"template":"","format":"standard","meta":{"footnotes":""},"categories":[21],"tags":[],"class_list":["post-3778","post","type-post","status-publish","format-standard","hentry","category-rio-de-janeiro-rj"],"_links":{"self":[{"href":"https:\/\/vagas.portalemprego.com.br\/index.php?rest_route=\/wp\/v2\/posts\/3778","targetHints":{"allow":["GET"]}}],"collection":[{"href":"https:\/\/vagas.portalemprego.com.br\/index.php?rest_route=\/wp\/v2\/posts"}],"about":[{"href":"https:\/\/vagas.portalemprego.com.br\/index.php?rest_route=\/wp\/v2\/types\/post"}],"author":[{"embeddable":true,"href":"https:\/\/vagas.portalemprego.com.br\/index.php?rest_route=\/wp\/v2\/users\/1"}],"replies":[{"embeddable":true,"href":"https:\/\/vagas.portalemprego.com.br\/index.php?rest_route=%2Fwp%2Fv2%2Fcomments&post=3778"}],"version-history":[{"count":0,"href":"https:\/\/vagas.portalemprego.com.br\/index.php?rest_route=\/wp\/v2\/posts\/3778\/revisions"}],"wp:attachment":[{"href":"https:\/\/vagas.portalemprego.com.br\/index.php?rest_route=%2Fwp%2Fv2%2Fmedia&parent=3778"}],"wp:term":[{"taxonomy":"category","embeddable":true,"href":"https:\/\/vagas.portalemprego.com.br\/index.php?rest_route=%2Fwp%2Fv2%2Fcategories&post=3778"},{"taxonomy":"post_tag","embeddable":true,"href":"https:\/\/vagas.portalemprego.com.br\/index.php?rest_route=%2Fwp%2Fv2%2Ftags&post=3778"}],"curies":[{"name":"wp","href":"https:\/\/api.w.org\/{rel}","templated":true}]}}