{"id":3779,"date":"2026-04-29T06:14:14","date_gmt":"2026-04-29T09:14:14","guid":{"rendered":"https:\/\/vagas.portalemprego.com.br\/?p=3779"},"modified":"2026-04-29T06:14:14","modified_gmt":"2026-04-29T09:14:14","slug":"eletricista-auxiliar-engenharia-rio-de-janeiro","status":"publish","type":"post","link":"https:\/\/vagas.portalemprego.com.br\/?p=3779","title":{"rendered":"Eletricista Auxiliar &#8211; Engenharia &#8211; Rio de Janeiro"},"content":{"rendered":"<p>Estamos em busca de um Eletricista Auxiliar para atuar no suporte \u00e0s atividades de instala\u00e7\u00e3o, manuten\u00e7\u00e3o e reparo de sistemas el\u00e9tricos prediais, garantindo a seguran\u00e7a e o bom funcionamento das instala\u00e7\u00f5es.<br \/>\nPrincipais Responsabilidades:<br \/>\nAuxiliar na execu\u00e7\u00e3o de servi\u00e7os el\u00e9tricos em reformas e adequa\u00e7\u00f5es de instala\u00e7\u00f5es prediais<br \/>\nApoiar na instala\u00e7\u00e3o e manuten\u00e7\u00e3o el\u00e9trica preventiva e corretiva de sistemas e equipamentos prediais<br \/>\nAuxiliar em servi\u00e7os relacionados a comandos el\u00e9tricos e pain\u00e9is de controle<br \/>\nApoiar manuten\u00e7\u00f5es em sistemas de automa\u00e7\u00e3o predial, transformadores, disjuntores, subesta\u00e7\u00f5es e pain\u00e9is el\u00e9tricos<br \/>\nInstalar, substituir, ampliar, modificar e recuperar componentes de redes el\u00e9tricas, utilizando ferramentas e equipamentos adequados<br \/>\nRealizar inspe\u00e7\u00f5es, testes e ensaios el\u00e9tricos para diagn\u00f3stico e an\u00e1lise de falhas<br \/>\nCumprir normas t\u00e9cnicas e de seguran\u00e7a do trabalho<\/p>\n<ul>\n<li>Local de trabalho: Rio de Janeiro, RJ<\/li>\n<li>Regime de contrata\u00e7\u00e3o de tipo: Efetivo \u2013 CLT<\/li>\n<li>Jornada: Per\u00edodo Integral<\/li>\n<li>\u00c1rea e especializa\u00e7\u00e3o profissional: Engenharia &#8211; Engenharia El\u00e9trica, Eletr\u00f4nica, Eletrot\u00e9cnica<\/li>\n<li>N\u00edvel hier\u00e1rquico: Auxiliar<\/li>\n<\/ul>\n<p>VALORIZADO<\/p>\n<p>Tempo de experi\u00eancia: Menos de 1 ano<\/p>\n<p>HABILIDADES<\/p>\n<ul>\n<li>Agilidade<\/li>\n<li>Organiza\u00e7\u00e3o<\/li>\n<li>Proatividade<\/li>\n<li>Disciplina operacional<\/li>\n<li>Trabalho em equipe<\/li>\n<li>Responsabilidade<\/li>\n<li>Manuten\u00e7\u00e3o preventiva e corretiva<\/li>\n<li>Curso NR10<\/li>\n<li>No\u00e7\u00f5es de leitura e interpreta\u00e7\u00e3o de projetos el\u00e9tricos<\/li>\n<li>Comandos el\u00e9tricos e pain\u00e9is<\/li>\n<li>No\u00e7\u00f5es de el\u00e9trica predial e industrial<\/li>\n<li>Aten\u00e7\u00e3o aos detalhes<\/li>\n<\/ul>\n<p>Escolaridade M\u00ednima: Ensino M\u00e9dio (2\u00ba Grau)<\/p>\n<p>Forma\u00e7\u00e3o desejada:<\/p>\n<ul>\n<li>Eletr\u00f4nica, Curso T\u00e9cnico<\/li>\n<li>Eletrot\u00e9cnica, Curso T\u00e9cnico<\/li>\n<\/ul>\n<ul>\n<li>Vale Transporte<\/li>\n<li>Vale alimenta\u00e7\u00e3o<\/li>\n<li>Plano de sa\u00fade<\/li>\n<li>Plano odontol\u00f3gico<\/li>\n<li>Wellhub (antigo Gympass)<\/li>\n<li>Conv\u00eanio com SESI\/SENAI<\/li>\n<\/ul>\n<p>Sal\u00e1rio: 1835,98<\/p>\n","protected":false},"excerpt":{"rendered":"<p>Estamos em busca de um Eletricista Auxiliar para atuar no suporte \u00e0s atividades de instala\u00e7\u00e3o, manuten\u00e7\u00e3o e reparo de sistemas el\u00e9tricos prediais, garantindo a seguran\u00e7a e o bom funcionamento das instala\u00e7\u00f5es. Principais Responsabilidades: Auxiliar na execu\u00e7\u00e3o de servi\u00e7os el\u00e9tricos em reformas e adequa\u00e7\u00f5es de instala\u00e7\u00f5es prediais Apoiar na instala\u00e7\u00e3o e manuten\u00e7\u00e3o el\u00e9trica preventiva e corretiva [&hellip;]<\/p>\n","protected":false},"author":1,"featured_media":0,"comment_status":"open","ping_status":"open","sticky":false,"template":"","format":"standard","meta":{"footnotes":""},"categories":[21],"tags":[],"class_list":["post-3779","post","type-post","status-publish","format-standard","hentry","category-rio-de-janeiro-rj"],"_links":{"self":[{"href":"https:\/\/vagas.portalemprego.com.br\/index.php?rest_route=\/wp\/v2\/posts\/3779","targetHints":{"allow":["GET"]}}],"collection":[{"href":"https:\/\/vagas.portalemprego.com.br\/index.php?rest_route=\/wp\/v2\/posts"}],"about":[{"href":"https:\/\/vagas.portalemprego.com.br\/index.php?rest_route=\/wp\/v2\/types\/post"}],"author":[{"embeddable":true,"href":"https:\/\/vagas.portalemprego.com.br\/index.php?rest_route=\/wp\/v2\/users\/1"}],"replies":[{"embeddable":true,"href":"https:\/\/vagas.portalemprego.com.br\/index.php?rest_route=%2Fwp%2Fv2%2Fcomments&post=3779"}],"version-history":[{"count":0,"href":"https:\/\/vagas.portalemprego.com.br\/index.php?rest_route=\/wp\/v2\/posts\/3779\/revisions"}],"wp:attachment":[{"href":"https:\/\/vagas.portalemprego.com.br\/index.php?rest_route=%2Fwp%2Fv2%2Fmedia&parent=3779"}],"wp:term":[{"taxonomy":"category","embeddable":true,"href":"https:\/\/vagas.portalemprego.com.br\/index.php?rest_route=%2Fwp%2Fv2%2Fcategories&post=3779"},{"taxonomy":"post_tag","embeddable":true,"href":"https:\/\/vagas.portalemprego.com.br\/index.php?rest_route=%2Fwp%2Fv2%2Ftags&post=3779"}],"curies":[{"name":"wp","href":"https:\/\/api.w.org\/{rel}","templated":true}]}}