{"id":3780,"date":"2026-04-29T06:14:14","date_gmt":"2026-04-29T09:14:14","guid":{"rendered":"https:\/\/vagas.portalemprego.com.br\/?p=3780"},"modified":"2026-04-29T06:14:14","modified_gmt":"2026-04-29T09:14:14","slug":"assistente-tecnico-administracao-rio-de-janeiro","status":"publish","type":"post","link":"https:\/\/vagas.portalemprego.com.br\/?p=3780","title":{"rendered":"Assistente T\u00e9cnico &#8211; Administra\u00e7\u00e3o &#8211; Rio de Janeiro"},"content":{"rendered":"<p>Estamos em busca de um(a) Assistente T\u00e9cnico organizado(a), anal\u00edtico(a) e com boa capacidade de apoio operacional e administrativo, para atuar no suporte \u00e0s rotinas t\u00e9cnicas e de planejamento.<br \/>\nPrincipais Responsabilidades:<br \/>\nEmitir e controlar requisi\u00e7\u00f5es de materiais junto ao Almoxarifado<br \/>\nRealizar solicita\u00e7\u00f5es de compra e coleta de pre\u00e7os com fornecedores<br \/>\nApoiar no controle de frequ\u00eancia e programa\u00e7\u00e3o de f\u00e9rias das equipes alocadas nos postos de servi\u00e7o<br \/>\nAuxiliar na confer\u00eancia de documenta\u00e7\u00f5es anexas \u00e0s faturas de presta\u00e7\u00e3o de servi\u00e7os<br \/>\nReceber e registrar comunica\u00e7\u00f5es de defeitos e solicita\u00e7\u00f5es de reparos nas instala\u00e7\u00f5es<br \/>\nApoiar o Engenheiro Supervisor nas atividades de assessoria t\u00e9cnica<br \/>\nElaborar relat\u00f3rios t\u00e9cnicos e administrativos<br \/>\nDesenvolver e atualizar planilhas de controle em Excel<br \/>\nElaborar apresenta\u00e7\u00f5es de resultados em PowerPoint<br \/>\nUtilizar banco de dados em Access para implanta\u00e7\u00e3o e controle de rotinas de planejamento<br \/>\nRealizar controle de patrim\u00f4nio e ativos da empresa<br \/>\nExecutar atividades administrativas correlatas \u00e0 fun\u00e7\u00e3o<br \/>\nCarga hor\u00e1ria administrativa: 44 horas semanais &#8211; 08:00 \u00e1s 18:00(SEG-QUI 18H \/ SEX 17H).<\/p>\n<ul>\n<li>Local de trabalho: Rio de Janeiro, RJ<\/li>\n<li>Regime de contrata\u00e7\u00e3o de tipo: Efetivo \u2013 CLT<\/li>\n<li>Jornada: Per\u00edodo Integral<\/li>\n<li>\u00c1rea e especializa\u00e7\u00e3o profissional: Administra\u00e7\u00e3o &#8211; Administra\u00e7\u00e3o Geral<\/li>\n<li>N\u00edvel hier\u00e1rquico: Assistente<\/li>\n<\/ul>\n<p>VALORIZADO<\/p>\n<p>Tempo de experi\u00eancia: Menos de 1 ano<\/p>\n<p>HABILIDADES<\/p>\n<ul>\n<li>tenha experi\u00eancia em controle de entrada e sa\u00edda de materiais<\/li>\n<li>Capacidade de trabalhar com prazos e m\u00faltiplas demandas<\/li>\n<li>Boa comunica\u00e7\u00e3o<\/li>\n<li>Experi\u00eancia em Almoxarifado<\/li>\n<li>Conhecimento em Word, PowerPoint e Access<\/li>\n<li>Conhecimento intermedi\u00e1rio em Excel<\/li>\n<li>Experi\u00eancia pr\u00e9via em rotinas administrativas ou t\u00e9cnicas<\/li>\n<li>Organiza\u00e7\u00e3o, aten\u00e7\u00e3o aos detalhes<\/li>\n<\/ul>\n<p>Escolaridade M\u00ednima: Ensino M\u00e9dio (2\u00ba Grau)<\/p>\n<ul>\n<li>Vale Transporte<\/li>\n<li>Wellhub (antigo gympass)<\/li>\n<li>Seguro de Vida<\/li>\n<li>Conv\u00eanio com SESI\/SENAI<\/li>\n<\/ul>\n<p>Sal\u00e1rio: 2694,86<\/p>\n","protected":false},"excerpt":{"rendered":"<p>Estamos em busca de um(a) Assistente T\u00e9cnico organizado(a), anal\u00edtico(a) e com boa capacidade de apoio operacional e administrativo, para atuar no suporte \u00e0s rotinas t\u00e9cnicas e de planejamento. Principais Responsabilidades: Emitir e controlar requisi\u00e7\u00f5es de materiais junto ao Almoxarifado Realizar solicita\u00e7\u00f5es de compra e coleta de pre\u00e7os com fornecedores Apoiar no controle de frequ\u00eancia e [&hellip;]<\/p>\n","protected":false},"author":1,"featured_media":0,"comment_status":"open","ping_status":"open","sticky":false,"template":"","format":"standard","meta":{"footnotes":""},"categories":[21],"tags":[],"class_list":["post-3780","post","type-post","status-publish","format-standard","hentry","category-rio-de-janeiro-rj"],"_links":{"self":[{"href":"https:\/\/vagas.portalemprego.com.br\/index.php?rest_route=\/wp\/v2\/posts\/3780","targetHints":{"allow":["GET"]}}],"collection":[{"href":"https:\/\/vagas.portalemprego.com.br\/index.php?rest_route=\/wp\/v2\/posts"}],"about":[{"href":"https:\/\/vagas.portalemprego.com.br\/index.php?rest_route=\/wp\/v2\/types\/post"}],"author":[{"embeddable":true,"href":"https:\/\/vagas.portalemprego.com.br\/index.php?rest_route=\/wp\/v2\/users\/1"}],"replies":[{"embeddable":true,"href":"https:\/\/vagas.portalemprego.com.br\/index.php?rest_route=%2Fwp%2Fv2%2Fcomments&post=3780"}],"version-history":[{"count":0,"href":"https:\/\/vagas.portalemprego.com.br\/index.php?rest_route=\/wp\/v2\/posts\/3780\/revisions"}],"wp:attachment":[{"href":"https:\/\/vagas.portalemprego.com.br\/index.php?rest_route=%2Fwp%2Fv2%2Fmedia&parent=3780"}],"wp:term":[{"taxonomy":"category","embeddable":true,"href":"https:\/\/vagas.portalemprego.com.br\/index.php?rest_route=%2Fwp%2Fv2%2Fcategories&post=3780"},{"taxonomy":"post_tag","embeddable":true,"href":"https:\/\/vagas.portalemprego.com.br\/index.php?rest_route=%2Fwp%2Fv2%2Ftags&post=3780"}],"curies":[{"name":"wp","href":"https:\/\/api.w.org\/{rel}","templated":true}]}}