{"id":3782,"date":"2026-04-29T06:14:14","date_gmt":"2026-04-29T09:14:14","guid":{"rendered":"https:\/\/vagas.portalemprego.com.br\/?p=3782"},"modified":"2026-04-29T06:14:14","modified_gmt":"2026-04-29T09:14:14","slug":"assistente-de-misturador-pcd-industrial-producao-fabrica-rio-de-janeiro","status":"publish","type":"post","link":"https:\/\/vagas.portalemprego.com.br\/?p=3782","title":{"rendered":"Assistente de Misturador &#8211; PcD &#8211; Industrial, Produ\u00e7\u00e3o, F\u00e1brica &#8211; Rio de Janeiro"},"content":{"rendered":"<p>Local: Jacarepagu\u00e1 \u2013 RJ<br \/>\nSal\u00e1rio: R$ 1.700,00 a 1.800,00<br \/>\n Benef\u00edcios: VT, vale alimenta\u00e7\u00e3o\/refei\u00e7\u00e3o, plano de sa\u00fade e dental, previd\u00eancia privada, participa\u00e7\u00e3o nos lucros, Wellhub, seguro de vida.<br \/>\nDescri\u00e7\u00e3o das Atividades<br \/>\n\u2022 Organizar a f\u00e1brica para as opera\u00e7\u00f5es di\u00e1rias;<br \/>\n\u2022 Abastecer as linhas de produ\u00e7\u00e3o;<br \/>\n\u2022 Realizar a limpeza de utens\u00edlios, equipamentos e do ambiente produtivo;<br \/>\n\u2022 Apoiar as prioridades da produ\u00e7\u00e3o conforme orienta\u00e7\u00e3o;<br \/>\n\u2022 Envasar os produtos acabados, atentando ao correto preenchimento dos PCCs e PPRO;<br \/>\n\u2022 Participar de reuni\u00f5es de equipe;<br \/>\n\u2022 Executar demais atividades conforme solicita\u00e7\u00e3o do superior imediato;<br \/>\n\u2022 Utilizar corretamente os Equipamentos de Prote\u00e7\u00e3o Individual (EPI\u2019s).<\/p>\n<p>Requisitos<br \/>\nEscolaridade:<br \/>\n\u2022 Ensino Fundamental completo;<br \/>\n\u2022 Desej\u00e1vel Ensino M\u00e9dio completo.<br \/>\nCaso n\u00e3o atenda \u00e0 escolaridade m\u00ednima, ser\u00e1 obrigat\u00f3ria experi\u00eancia m\u00ednima de 1 ano em processos industriais.<\/p>\n<p>Compet\u00eancias<br \/>\nConhecimentos:<br \/>\n\u2022 Boas Pr\u00e1ticas de Fabrica\u00e7\u00e3o;<br \/>\n\u2022 Desej\u00e1vel conhecimento b\u00e1sico em inform\u00e1tica.<br \/>\nHabilidades:<br \/>\n\u2022 Viv\u00eancia com equipamentos e\/ou m\u00e1quinas industriais<\/p>\n<ul>\n<li>Local de trabalho: Rio de Janeiro, RJ<\/li>\n<li>Regime de contrata\u00e7\u00e3o de tipo: Efetivo \u2013 CLT<\/li>\n<li>Jornada: Per\u00edodo Integral<\/li>\n<li>\u00c1rea e especializa\u00e7\u00e3o profissional: Industrial, Produ\u00e7\u00e3o, F\u00e1brica &#8211; Produ\u00e7\u00e3o<\/li>\n<li>N\u00edvel hier\u00e1rquico: Assistente<\/li>\n<\/ul>\n<p>Escolaridade M\u00ednima: Ensino M\u00e9dio (2\u00ba Grau)<\/p>\n<p>Sal\u00e1rio: 1800,0<\/p>\n","protected":false},"excerpt":{"rendered":"<p>Local: Jacarepagu\u00e1 \u2013 RJ Sal\u00e1rio: R$ 1.700,00 a 1.800,00 Benef\u00edcios: VT, vale alimenta\u00e7\u00e3o\/refei\u00e7\u00e3o, plano de sa\u00fade e dental, previd\u00eancia privada, participa\u00e7\u00e3o nos lucros, Wellhub, seguro de vida. Descri\u00e7\u00e3o das Atividades \u2022 Organizar a f\u00e1brica para as opera\u00e7\u00f5es di\u00e1rias; \u2022 Abastecer as linhas de produ\u00e7\u00e3o; \u2022 Realizar a limpeza de utens\u00edlios, equipamentos e do ambiente produtivo; [&hellip;]<\/p>\n","protected":false},"author":1,"featured_media":0,"comment_status":"open","ping_status":"open","sticky":false,"template":"","format":"standard","meta":{"footnotes":""},"categories":[21],"tags":[],"class_list":["post-3782","post","type-post","status-publish","format-standard","hentry","category-rio-de-janeiro-rj"],"_links":{"self":[{"href":"https:\/\/vagas.portalemprego.com.br\/index.php?rest_route=\/wp\/v2\/posts\/3782","targetHints":{"allow":["GET"]}}],"collection":[{"href":"https:\/\/vagas.portalemprego.com.br\/index.php?rest_route=\/wp\/v2\/posts"}],"about":[{"href":"https:\/\/vagas.portalemprego.com.br\/index.php?rest_route=\/wp\/v2\/types\/post"}],"author":[{"embeddable":true,"href":"https:\/\/vagas.portalemprego.com.br\/index.php?rest_route=\/wp\/v2\/users\/1"}],"replies":[{"embeddable":true,"href":"https:\/\/vagas.portalemprego.com.br\/index.php?rest_route=%2Fwp%2Fv2%2Fcomments&post=3782"}],"version-history":[{"count":0,"href":"https:\/\/vagas.portalemprego.com.br\/index.php?rest_route=\/wp\/v2\/posts\/3782\/revisions"}],"wp:attachment":[{"href":"https:\/\/vagas.portalemprego.com.br\/index.php?rest_route=%2Fwp%2Fv2%2Fmedia&parent=3782"}],"wp:term":[{"taxonomy":"category","embeddable":true,"href":"https:\/\/vagas.portalemprego.com.br\/index.php?rest_route=%2Fwp%2Fv2%2Fcategories&post=3782"},{"taxonomy":"post_tag","embeddable":true,"href":"https:\/\/vagas.portalemprego.com.br\/index.php?rest_route=%2Fwp%2Fv2%2Ftags&post=3782"}],"curies":[{"name":"wp","href":"https:\/\/api.w.org\/{rel}","templated":true}]}}