{"id":3783,"date":"2026-04-29T06:14:14","date_gmt":"2026-04-29T09:14:14","guid":{"rendered":"https:\/\/vagas.portalemprego.com.br\/?p=3783"},"modified":"2026-04-29T06:14:14","modified_gmt":"2026-04-29T09:14:14","slug":"supervisor-de-ti-senior-informatica-ti-telecomunicacoes-sao-joao-de-meriti","status":"publish","type":"post","link":"https:\/\/vagas.portalemprego.com.br\/?p=3783","title":{"rendered":"Supervisor de TI S\u00eanior &#8211; Inform\u00e1tica, TI, Telecomunica\u00e7\u00f5es &#8211; S\u00e3o Jo\u00e3o de Meriti"},"content":{"rendered":"<p>SUPERVISOR DE TI SR.<br \/>\nRespons\u00e1vel por liderar a equipe de TI. Atribuir tarefas, definir responsabilidades e garantir que os prazos sejam cumpridos;<br \/>\nCriar e aprimorar os processos com base em normas, politicas e diretrizes para controle das atividades dentro da \u00e1rea de TI, garantindo efici\u00eancia e presta\u00e7\u00e3o de atendimento aos usu\u00e1rios;<br \/>\nRespons\u00e1vel pelo gerenciamento das atividades do setor de tecnologia da informa\u00e7\u00e3o, envolvendo a elabora\u00e7\u00e3o de projetos de implanta\u00e7\u00e3o, racionaliza\u00e7\u00e3o e redesenho de processos;<br \/>\nRealizar projetos de TI, como desenvolvimento de software, implementa\u00e7\u00e3o de sistemas e inova\u00e7\u00f5es tecnol\u00f3gicas;<br \/>\nCoordena\u00e7\u00e3o de recursos e implementa\u00e7\u00e3o de solu\u00e7\u00f5es que agreguem valor ao neg\u00f3cio;<br \/>\nDesenvolvimento e integra\u00e7\u00e3o de sistemas com as necessidades estrat\u00e9gicas da empresa, tais como redu\u00e7\u00e3o de custos, aperfei\u00e7oamento de processos e aumento da efici\u00eancia operacional;<br \/>\nAtuar juntamente com n\u00facleo decis\u00f3rio das empresa, no desenvolvimento de estrat\u00e9gias de neg\u00f3cios, identificando oportunidades de aplica\u00e7\u00e3o de tecnologias em alta;<br \/>\nAvaliar solu\u00e7\u00f5es tecnol\u00f3gicas em opera\u00e7\u00e3o, al\u00e9m de atuar na governan\u00e7a de TI e engenharia de processos e procedimentos;<br \/>\nIdentificar e gerenciar incidentes e problemas que possam surgir, criando m\u00e9todos e ferramentas para os processos de gest\u00e3o das tecnologias da informa\u00e7\u00e3o;<br \/>\nRespons\u00e1vel por todo o processo de Seguran\u00e7a da Informa\u00e7\u00e3o, criando m\u00e9tricas e processos que garantem a idoneidade das ferramentas e sistemas da empresa.<br \/>\nForma\u00e7\u00e3o e Experi\u00eancias Requeridas:<br \/>\nSuperior Completo em Ci\u00eancia da Computa\u00e7\u00e3o, Engenharia da Computa\u00e7\u00e3o, Sistemas da Informa\u00e7\u00e3o ou \u00e1reas correlatas;<br \/>\nExperi\u00eancia anterior na fun\u00e7\u00e3o;<br \/>\nExperi\u00eancia com gest\u00e3o de equipe;<br \/>\nS\u00f3lidos conhecimentos em Softwares, Hardwares, Suporte e Seguran\u00e7a da Informa\u00e7\u00e3o;<br \/>\nDisponibilidade de Hor\u00e1rio;<br \/>\nF\u00e1cil acesso \u00e0 Baixada Fluminense.<br \/>\nBenef\u00edcios:<br \/>\nVale Transporte \u00a0\u00a0\u00a0\u00a0\u00a0\u00a0\u00a0\u00a0\u00a0\u00a0\u00a0\u00a0\u00a0\u00a0\u00a0\u00a0\u00a0\u00a0\u00a0\u00a0\u00a0\u00a0\u00a0\u00a0\u00a0\u00a0\u00a0\u00a0\u00a0\u00a0\u00a0\u00a0\u00a0\u00a0\u00a0\u00a0\u00a0\u00a0\u00a0\u00a0\u00a0\u00a0\u00a0\u00a0\u00a0\u00a0\u00a0\u00a0\u00a0\u00a0\u00a0\u00a0\u00a0\u00a0\u00a0\u00a0\u00a0\u00a0\u00a0\u00a0\u00a0\u00a0\u00a0\u00a0<br \/>\n Vale Refei\u00e7\u00e3o<br \/>\n Seguro de Vida<br \/>\n Cesta B\u00e1sica<br \/>\n Conv\u00eanio Odontol\u00f3gico<br \/>\n Aux\u00edlio Funeral<br \/>\n Assist\u00eancia M\u00e9dica<br \/>\n Incentivo aos estudos<br \/>\n Desconto Farm\u00e1cia<br \/>\n TotalPass<br \/>\n Desconto na farm\u00e1cia<br \/>\nHor\u00e1rio de Expediente: De segunda \u00e0 sexta de 08:00h \u00e0s 18:00h<\/p>\n<ul>\n<li>Local de trabalho: S\u00e3o Jo\u00e3o de Meriti, RJ<\/li>\n<li>Regime de contrata\u00e7\u00e3o de tipo: Efetivo \u2013 CLT<\/li>\n<li>Jornada: Per\u00edodo Integral<\/li>\n<li>\u00c1rea e especializa\u00e7\u00e3o profissional: Inform\u00e1tica, TI, Telecomunica\u00e7\u00f5es &#8211; TI<\/li>\n<li>N\u00edvel hier\u00e1rquico: Supervisor<\/li>\n<\/ul>\n<p>VALORIZADO<\/p>\n<p>Tempo de experi\u00eancia: Entre 3 e 5 anos<\/p>\n<p>Escolaridade M\u00ednima: Ensino Superior<\/p>\n","protected":false},"excerpt":{"rendered":"<p>SUPERVISOR DE TI SR. Respons\u00e1vel por liderar a equipe de TI. Atribuir tarefas, definir responsabilidades e garantir que os prazos sejam cumpridos; Criar e aprimorar os processos com base em normas, politicas e diretrizes para controle das atividades dentro da \u00e1rea de TI, garantindo efici\u00eancia e presta\u00e7\u00e3o de atendimento aos usu\u00e1rios; Respons\u00e1vel pelo gerenciamento das [&hellip;]<\/p>\n","protected":false},"author":1,"featured_media":0,"comment_status":"open","ping_status":"open","sticky":false,"template":"","format":"standard","meta":{"footnotes":""},"categories":[21],"tags":[],"class_list":["post-3783","post","type-post","status-publish","format-standard","hentry","category-rio-de-janeiro-rj"],"_links":{"self":[{"href":"https:\/\/vagas.portalemprego.com.br\/index.php?rest_route=\/wp\/v2\/posts\/3783","targetHints":{"allow":["GET"]}}],"collection":[{"href":"https:\/\/vagas.portalemprego.com.br\/index.php?rest_route=\/wp\/v2\/posts"}],"about":[{"href":"https:\/\/vagas.portalemprego.com.br\/index.php?rest_route=\/wp\/v2\/types\/post"}],"author":[{"embeddable":true,"href":"https:\/\/vagas.portalemprego.com.br\/index.php?rest_route=\/wp\/v2\/users\/1"}],"replies":[{"embeddable":true,"href":"https:\/\/vagas.portalemprego.com.br\/index.php?rest_route=%2Fwp%2Fv2%2Fcomments&post=3783"}],"version-history":[{"count":0,"href":"https:\/\/vagas.portalemprego.com.br\/index.php?rest_route=\/wp\/v2\/posts\/3783\/revisions"}],"wp:attachment":[{"href":"https:\/\/vagas.portalemprego.com.br\/index.php?rest_route=%2Fwp%2Fv2%2Fmedia&parent=3783"}],"wp:term":[{"taxonomy":"category","embeddable":true,"href":"https:\/\/vagas.portalemprego.com.br\/index.php?rest_route=%2Fwp%2Fv2%2Fcategories&post=3783"},{"taxonomy":"post_tag","embeddable":true,"href":"https:\/\/vagas.portalemprego.com.br\/index.php?rest_route=%2Fwp%2Fv2%2Ftags&post=3783"}],"curies":[{"name":"wp","href":"https:\/\/api.w.org\/{rel}","templated":true}]}}