{"id":3785,"date":"2026-04-29T06:14:14","date_gmt":"2026-04-29T09:14:14","guid":{"rendered":"https:\/\/vagas.portalemprego.com.br\/?p=3785"},"modified":"2026-04-29T06:14:14","modified_gmt":"2026-04-29T09:14:14","slug":"gerente-de-pos-venda-ramo-automotivo-comercial-vendas-rio-de-janeiro","status":"publish","type":"post","link":"https:\/\/vagas.portalemprego.com.br\/?p=3785","title":{"rendered":"GERENTE DE P\u00d3S-VENDA &#8211;  RAMO AUTOMOTIVO &#8211; Comercial, Vendas &#8211; Rio de Janeiro"},"content":{"rendered":"<p>Gest\u00e3o da equipe t\u00e9cnica e consultores de p\u00f3s-venda<br \/>\n\u2022\tAcompanhamento de metas de m\u00e3o de obra e pe\u00e7as<br \/>\n\u2022\tControle de produtividade da oficina<br \/>\n\u2022\tGarantia de qualidade no atendimento e satisfa\u00e7\u00e3o do cliente<br \/>\n\u2022\tPlanejamento estrat\u00e9gico para crescimento do setor<\/p>\n<p>&#8211; Local de Trabalho:  Botafogo, Barra da Tijuca e Tijuca (far\u00e1 visita nas lojas)<br \/>\n&#8211;  Hor\u00e1rio e Escala: De segunda \u00e0 sexta, de 08h45 \u00e0s 18h (com 1h15 de intervalo) e s\u00e1bados, de 08h45 \u00e0s 12h45<\/p>\n<ul>\n<li>Local de trabalho: Rio de Janeiro, RJ<\/li>\n<li>Regime de contrata\u00e7\u00e3o de tipo: Efetivo \u2013 CLT<\/li>\n<li>Jornada: Per\u00edodo Integral<\/li>\n<li>\u00c1rea e especializa\u00e7\u00e3o profissional: Comercial, Vendas &#8211; Atendimento<\/li>\n<li>N\u00edvel hier\u00e1rquico: Gerente<\/li>\n<\/ul>\n<p>HABILIDADES<\/p>\n<ul>\n<li>\u2022\tCNH Categoria A<\/li>\n<li>Ensino superior completo (Administra\u00e7\u00e3o)<\/li>\n<li>\u2022\tForte capacidade de lideran\u00e7a e desenvolvimento de equipe<\/li>\n<li>\u2022\tExperi\u00eancia com gest\u00e3o de oficina, pe\u00e7as e m\u00e3o de obra<\/li>\n<li>\u2022\tConhecimento t\u00e9cnico no segmento automotivo (carro e moto)<\/li>\n<li>\u2022\tS\u00f3lida experi\u00eancia como Gerente de Vendas ou L\u00edder de Equipe<\/li>\n<li>\u2022\tPerfil estrat\u00e9gico, organizado e orientado a metas<\/li>\n<\/ul>\n<p>Escolaridade M\u00ednima: Ensino Superior<\/p>\n<p>Forma\u00e7\u00e3o desejada:<\/p>\n<ul>\n<li>Administra\u00e7\u00e3o, Curso T\u00e9cnico<\/li>\n<\/ul>\n<p>Habilita\u00e7\u00e3o para dirigir: A<\/p>\n<ul>\n<li>Desconto em Plano de Sa\u00fade e Farm\u00e1cias<\/li>\n<li>VR ( R$25,00 \u2013 por dia trabalhado)<\/li>\n<li>Premia\u00e7\u00e3o por Metas<\/li>\n<li>Comiss\u00e3o<\/li>\n<li>Ve\u00edculo Fornecido pela Empresa<\/li>\n<\/ul>\n","protected":false},"excerpt":{"rendered":"<p>Gest\u00e3o da equipe t\u00e9cnica e consultores de p\u00f3s-venda \u2022 Acompanhamento de metas de m\u00e3o de obra e pe\u00e7as \u2022 Controle de produtividade da oficina \u2022 Garantia de qualidade no atendimento e satisfa\u00e7\u00e3o do cliente \u2022 Planejamento estrat\u00e9gico para crescimento do setor &#8211; Local de Trabalho: Botafogo, Barra da Tijuca e Tijuca (far\u00e1 visita nas lojas) [&hellip;]<\/p>\n","protected":false},"author":1,"featured_media":0,"comment_status":"open","ping_status":"open","sticky":false,"template":"","format":"standard","meta":{"footnotes":""},"categories":[21],"tags":[],"class_list":["post-3785","post","type-post","status-publish","format-standard","hentry","category-rio-de-janeiro-rj"],"_links":{"self":[{"href":"https:\/\/vagas.portalemprego.com.br\/index.php?rest_route=\/wp\/v2\/posts\/3785","targetHints":{"allow":["GET"]}}],"collection":[{"href":"https:\/\/vagas.portalemprego.com.br\/index.php?rest_route=\/wp\/v2\/posts"}],"about":[{"href":"https:\/\/vagas.portalemprego.com.br\/index.php?rest_route=\/wp\/v2\/types\/post"}],"author":[{"embeddable":true,"href":"https:\/\/vagas.portalemprego.com.br\/index.php?rest_route=\/wp\/v2\/users\/1"}],"replies":[{"embeddable":true,"href":"https:\/\/vagas.portalemprego.com.br\/index.php?rest_route=%2Fwp%2Fv2%2Fcomments&post=3785"}],"version-history":[{"count":0,"href":"https:\/\/vagas.portalemprego.com.br\/index.php?rest_route=\/wp\/v2\/posts\/3785\/revisions"}],"wp:attachment":[{"href":"https:\/\/vagas.portalemprego.com.br\/index.php?rest_route=%2Fwp%2Fv2%2Fmedia&parent=3785"}],"wp:term":[{"taxonomy":"category","embeddable":true,"href":"https:\/\/vagas.portalemprego.com.br\/index.php?rest_route=%2Fwp%2Fv2%2Fcategories&post=3785"},{"taxonomy":"post_tag","embeddable":true,"href":"https:\/\/vagas.portalemprego.com.br\/index.php?rest_route=%2Fwp%2Fv2%2Ftags&post=3785"}],"curies":[{"name":"wp","href":"https:\/\/api.w.org\/{rel}","templated":true}]}}