{"id":3792,"date":"2026-04-29T06:14:14","date_gmt":"2026-04-29T09:14:14","guid":{"rendered":"https:\/\/vagas.portalemprego.com.br\/?p=3792"},"modified":"2026-04-29T06:14:14","modified_gmt":"2026-04-29T09:14:14","slug":"auxiliar-de-producao-de-padaria-chapeiro-verano-barra-olimpica-rj-alimentacao-gastronomia-rio-de-janeiro","status":"publish","type":"post","link":"https:\/\/vagas.portalemprego.com.br\/?p=3792","title":{"rendered":"AUXILIAR DE PRODU\u00c7\u00c3O DE PADARIA &#8211; CHAPEIRO &#8211;  VERANO  &#8211; BARRA OL\u00cdMPICA RJ &#8211; Alimenta\u00e7\u00e3o \/ Gastronomia &#8211; Rio de Janeiro"},"content":{"rendered":"<p>A T\u00e1tico Talentos est\u00e1 em busca de profissionais para atuar como Auxiliar de Produ\u00e7\u00e3o de Padaria na Verano &#8211; Barra Ol\u00edmpica.<br \/>\nSe voc\u00ea busca um ambiente din\u00e2mico, com ritmo acelerado e trabalho em equipe, essa oportunidade \u00e9 para voc\u00ea. Venha fazer parte de um time que transforma energia em resultado todos os dias!<br \/>\nAuxiliar de Produ\u00e7\u00e3o de Padaria (Lancheiro\/Chapeiro)| Verano \u2013 Barra Ol\u00edmpica<br \/>\n&#8211; Contrata\u00e7\u00e3o CLT (carteira assinada);<br \/>\n&#8211; Remunerac\u00e3o: R$ 1.800,00;<br \/>\n&#8211; In\u00edcio: Imediato<br \/>\n&#8211; Escala : 6&#215;1<br \/>\n&#8211; Horario:  das 14h as 21h<br \/>\n -Sexta e sabado das 15 as 22h<\/p>\n<p>Requisitos:<br \/>\n* Experi\u00eancia em Chapa<br \/>\n* Corte de Frios<br \/>\n* Experi\u00eancia com produ\u00e7\u00e3o de salgados assados e fritos;<br \/>\n\u2022?  ?Experi\u00eancia como aux. De cozinha comprovada em carteira<br \/>\nRequisitos:<br \/>\n\u2022? ?Experi\u00eancia como aux. De cozinha comprovada em carteira<\/p>\n<p>Se identificou? Manda seu CV pra gente ou compartilha com seus amigos!<\/p>\n<ul>\n<li>N\u00famero de vagas: 6<\/li>\n<li>Local de trabalho: Rio de Janeiro, RJ<\/li>\n<li>Regime de contrata\u00e7\u00e3o de tipo: Efetivo \u2013 CLT<\/li>\n<li>Jornada: Per\u00edodo Integral<\/li>\n<li>\u00c1rea e especializa\u00e7\u00e3o profissional: Alimenta\u00e7\u00e3o \/ Gastronomia &#8211; Padaria<\/li>\n<li>N\u00edvel hier\u00e1rquico: Operacional<\/li>\n<\/ul>\n<p>VALORIZADO<\/p>\n<p>Tempo de experi\u00eancia: Entre 1 e 3 anos<\/p>\n<p>Escolaridade M\u00ednima: Ensino M\u00e9dio (2\u00ba Grau)<\/p>\n<p>Sal\u00e1rio: 1800,0<\/p>\n","protected":false},"excerpt":{"rendered":"<p>A T\u00e1tico Talentos est\u00e1 em busca de profissionais para atuar como Auxiliar de Produ\u00e7\u00e3o de Padaria na Verano &#8211; Barra Ol\u00edmpica. Se voc\u00ea busca um ambiente din\u00e2mico, com ritmo acelerado e trabalho em equipe, essa oportunidade \u00e9 para voc\u00ea. Venha fazer parte de um time que transforma energia em resultado todos os dias! Auxiliar de [&hellip;]<\/p>\n","protected":false},"author":1,"featured_media":0,"comment_status":"open","ping_status":"open","sticky":false,"template":"","format":"standard","meta":{"footnotes":""},"categories":[21],"tags":[],"class_list":["post-3792","post","type-post","status-publish","format-standard","hentry","category-rio-de-janeiro-rj"],"_links":{"self":[{"href":"https:\/\/vagas.portalemprego.com.br\/index.php?rest_route=\/wp\/v2\/posts\/3792","targetHints":{"allow":["GET"]}}],"collection":[{"href":"https:\/\/vagas.portalemprego.com.br\/index.php?rest_route=\/wp\/v2\/posts"}],"about":[{"href":"https:\/\/vagas.portalemprego.com.br\/index.php?rest_route=\/wp\/v2\/types\/post"}],"author":[{"embeddable":true,"href":"https:\/\/vagas.portalemprego.com.br\/index.php?rest_route=\/wp\/v2\/users\/1"}],"replies":[{"embeddable":true,"href":"https:\/\/vagas.portalemprego.com.br\/index.php?rest_route=%2Fwp%2Fv2%2Fcomments&post=3792"}],"version-history":[{"count":0,"href":"https:\/\/vagas.portalemprego.com.br\/index.php?rest_route=\/wp\/v2\/posts\/3792\/revisions"}],"wp:attachment":[{"href":"https:\/\/vagas.portalemprego.com.br\/index.php?rest_route=%2Fwp%2Fv2%2Fmedia&parent=3792"}],"wp:term":[{"taxonomy":"category","embeddable":true,"href":"https:\/\/vagas.portalemprego.com.br\/index.php?rest_route=%2Fwp%2Fv2%2Fcategories&post=3792"},{"taxonomy":"post_tag","embeddable":true,"href":"https:\/\/vagas.portalemprego.com.br\/index.php?rest_route=%2Fwp%2Fv2%2Ftags&post=3792"}],"curies":[{"name":"wp","href":"https:\/\/api.w.org\/{rel}","templated":true}]}}