{"id":3795,"date":"2026-04-29T06:14:14","date_gmt":"2026-04-29T09:14:14","guid":{"rendered":"https:\/\/vagas.portalemprego.com.br\/?p=3795"},"modified":"2026-04-29T06:14:14","modified_gmt":"2026-04-29T09:14:14","slug":"consultor-de-vendas-de-loja-de-shopping-pcd-comercial-vendas-rio-de-janeiro","status":"publish","type":"post","link":"https:\/\/vagas.portalemprego.com.br\/?p=3795","title":{"rendered":"Consultor de Vendas de Loja de Shopping (PCD) &#8211; Comercial, Vendas &#8211; Rio de Janeiro"},"content":{"rendered":"<p>Requisitos:<br \/>\n? Ensino m\u00e9dio completo<br \/>\n? Experi\u00eancia com vendas e atendimento ao p\u00fablico<br \/>\nAtividades:<br \/>\nAtendimento personalizado (inclusive agendado)<br \/>\nVendas e p\u00f3s-venda de servi\u00e7os<br \/>\nAcompanhamento de indicadores e uso de ferramentas oficiais<br \/>\nApoio \u00e0 equipe com informa\u00e7\u00f5es sobre concorr\u00eancia<\/p>\n<ul>\n<li>Local de trabalho: Rio de Janeiro, RJ<\/li>\n<li>Regime de contrata\u00e7\u00e3o de tipo: Efetivo \u2013 CLT<\/li>\n<li>Jornada: Parcial noites<\/li>\n<li>\u00c1rea e especializa\u00e7\u00e3o profissional: Comercial, Vendas &#8211; Lojas \/ Shopping<\/li>\n<li>N\u00edvel hier\u00e1rquico: Consultor<\/li>\n<\/ul>\n<p>HABILIDADES<\/p>\n<ul>\n<li>Vendas<\/li>\n<li>Comunica\u00e7\u00e3o<\/li>\n<li>Resili\u00eancia<\/li>\n<\/ul>\n<p>Escolaridade M\u00ednima: Ensino M\u00e9dio (2\u00ba Grau)<\/p>\n<ul>\n<li>Assist\u00eancia m\u00e9dica sem coparticipa\u00e7\u00e3o<\/li>\n<li>Pacote robusto de beneficios<\/li>\n<\/ul>\n<p>Sal\u00e1rio: 2187,0<\/p>\n","protected":false},"excerpt":{"rendered":"<p>Requisitos: ? Ensino m\u00e9dio completo ? Experi\u00eancia com vendas e atendimento ao p\u00fablico Atividades: Atendimento personalizado (inclusive agendado) Vendas e p\u00f3s-venda de servi\u00e7os Acompanhamento de indicadores e uso de ferramentas oficiais Apoio \u00e0 equipe com informa\u00e7\u00f5es sobre concorr\u00eancia Local de trabalho: Rio de Janeiro, RJ Regime de contrata\u00e7\u00e3o de tipo: Efetivo \u2013 CLT Jornada: Parcial [&hellip;]<\/p>\n","protected":false},"author":1,"featured_media":0,"comment_status":"open","ping_status":"open","sticky":false,"template":"","format":"standard","meta":{"footnotes":""},"categories":[21],"tags":[],"class_list":["post-3795","post","type-post","status-publish","format-standard","hentry","category-rio-de-janeiro-rj"],"_links":{"self":[{"href":"https:\/\/vagas.portalemprego.com.br\/index.php?rest_route=\/wp\/v2\/posts\/3795","targetHints":{"allow":["GET"]}}],"collection":[{"href":"https:\/\/vagas.portalemprego.com.br\/index.php?rest_route=\/wp\/v2\/posts"}],"about":[{"href":"https:\/\/vagas.portalemprego.com.br\/index.php?rest_route=\/wp\/v2\/types\/post"}],"author":[{"embeddable":true,"href":"https:\/\/vagas.portalemprego.com.br\/index.php?rest_route=\/wp\/v2\/users\/1"}],"replies":[{"embeddable":true,"href":"https:\/\/vagas.portalemprego.com.br\/index.php?rest_route=%2Fwp%2Fv2%2Fcomments&post=3795"}],"version-history":[{"count":0,"href":"https:\/\/vagas.portalemprego.com.br\/index.php?rest_route=\/wp\/v2\/posts\/3795\/revisions"}],"wp:attachment":[{"href":"https:\/\/vagas.portalemprego.com.br\/index.php?rest_route=%2Fwp%2Fv2%2Fmedia&parent=3795"}],"wp:term":[{"taxonomy":"category","embeddable":true,"href":"https:\/\/vagas.portalemprego.com.br\/index.php?rest_route=%2Fwp%2Fv2%2Fcategories&post=3795"},{"taxonomy":"post_tag","embeddable":true,"href":"https:\/\/vagas.portalemprego.com.br\/index.php?rest_route=%2Fwp%2Fv2%2Ftags&post=3795"}],"curies":[{"name":"wp","href":"https:\/\/api.w.org\/{rel}","templated":true}]}}