{"id":3797,"date":"2026-04-29T06:14:14","date_gmt":"2026-04-29T09:14:14","guid":{"rendered":"https:\/\/vagas.portalemprego.com.br\/?p=3797"},"modified":"2026-04-29T06:14:14","modified_gmt":"2026-04-29T09:14:14","slug":"coordenador-de-logistica-logistica-rio-de-janeiro-2","status":"publish","type":"post","link":"https:\/\/vagas.portalemprego.com.br\/?p=3797","title":{"rendered":"Coordenador de Log\u00edstica &#8211; Log\u00edstica &#8211; Rio de Janeiro"},"content":{"rendered":"<p>Somos uma empresa brasileira especializada em pescados e frutos do mar, com mais de 80 anos de hist\u00f3ria, reconhecida no mercado nacional e internacional pela qualidade, confian\u00e7a e inova\u00e7\u00e3o.<br \/>\nContamos com um time de mais de 2 mil colaboradores, que todos os dias trabalham para levar o melhor do mar a milhares de mesas \u2014 no Brasil e no mundo.<br \/>\nAqui, valorizamos pessoas, constru\u00edmos rela\u00e7\u00f5es duradouras e acreditamos que crescer juntos faz toda a diferen\u00e7a.<br \/>\nVenha fazer parte do nosso Cardume.<\/p>\n<p>RESPONSABILIDADES E ATRIBUI\u00c7\u00d5ES<br \/>\nPlanejar e garantir disponibilidade de ve\u00edculos para transfer\u00eancias entre Bases x Industria x CD\u00b4s<br \/>\nDimensionar frota vs. demanda (picos, sazonalidade, campanhas)<br \/>\nDefinir perfil de ve\u00edculo conforme opera\u00e7\u00e3o<br \/>\nGerir disponibilidade da frota<br \/>\nTelemetria, Km rodado, custo por km, custo por entrega<br \/>\nGerir consumo de combust\u00edvel<br \/>\nAcompanhar manuten\u00e7\u00e3o preventiva e corretiva<br \/>\nGarantir conformidade legal: documenta\u00e7\u00e3o de ve\u00edculos, motoristas, ANTT, seguros<br \/>\nInterface com Gerenciamento de Risco (cadastro de motoristas\/ajudantes, PGR, rastreamento)<br \/>\nAcompanhar escala, jornada, produtividade e absente\u00edsmo<br \/>\nAtuar em treinamentos: dire\u00e7\u00e3o defensiva, boas pr\u00e1ticas no transporte refrigerado, uso de TMS.<br \/>\nGest\u00e3o de performance e feedback do time de frota<\/p>\n<p>REQUISITOS E QUALIFICA\u00c7\u00d5ES<br \/>\nSuperior em: Log\u00edstica, Administra\u00e7\u00e3o, Engenharia de Produ\u00e7\u00e3o ou \u00e1reas correlatas<br \/>\nDesej\u00e1vel: P\u00f3s-gradua\u00e7\u00e3o\/MBA em Log\u00edstica, Supply Chain ou Gest\u00e3o de Opera\u00e7\u00f5es<br \/>\nExperi\u00eancia com planejamento de malha log\u00edstica e roteiriza\u00e7\u00e3o;<br \/>\nGest\u00e3o de custos de frete, km rodado, ociosidade e produtividade da frota;<br \/>\nConhecimento de perfis de ve\u00edculos (VUC, truck, bitruck, carreta, ve\u00edculos refrigerados);<br \/>\nNo\u00e7\u00f5es de legisla\u00e7\u00e3o de transporte (ANTT, jornada do motorista, documentos fiscais, seguros) TMS (planejamento de cargas, tracking, indicadores de transporte).<br \/>\nDisponibilidade para viagens<\/p>\n<p>A Frescatto valoriza e fomenta a diversidade, abrindo oportunidades para todos com igualdade.<\/p>\n<ul>\n<li>Local de trabalho: Rio de Janeiro, RJ<\/li>\n<li>Regime de contrata\u00e7\u00e3o de tipo: Efetivo \u2013 CLT<\/li>\n<li>Jornada: Per\u00edodo Integral<\/li>\n<li>\u00c1rea e especializa\u00e7\u00e3o profissional: Log\u00edstica &#8211; Log\u00edstica<\/li>\n<li>N\u00edvel hier\u00e1rquico: Supervisor<\/li>\n<\/ul>\n<p>VALORIZADO<\/p>\n<p>Tempo de experi\u00eancia: Entre 1 e 3 anos<\/p>\n<p>Escolaridade M\u00ednima: Ensino Superior<\/p>\n<ul>\n<li>Refei\u00e7\u00e3o no local<\/li>\n<li>Vale transporte<\/li>\n<li>Auxilio combust\u00edvel<\/li>\n<li>Day off<\/li>\n<li>Plano de sa\u00fade<\/li>\n<li>Desconto em produtos<\/li>\n<li>Seguro de vida<\/li>\n<li>Assist\u00eancia odontol\u00f3gica<\/li>\n<li>Desconto em faculdades<\/li>\n<\/ul>\n","protected":false},"excerpt":{"rendered":"<p>Somos uma empresa brasileira especializada em pescados e frutos do mar, com mais de 80 anos de hist\u00f3ria, reconhecida no mercado nacional e internacional pela qualidade, confian\u00e7a e inova\u00e7\u00e3o. Contamos com um time de mais de 2 mil colaboradores, que todos os dias trabalham para levar o melhor do mar a milhares de mesas \u2014 [&hellip;]<\/p>\n","protected":false},"author":1,"featured_media":0,"comment_status":"open","ping_status":"open","sticky":false,"template":"","format":"standard","meta":{"footnotes":""},"categories":[21],"tags":[],"class_list":["post-3797","post","type-post","status-publish","format-standard","hentry","category-rio-de-janeiro-rj"],"_links":{"self":[{"href":"https:\/\/vagas.portalemprego.com.br\/index.php?rest_route=\/wp\/v2\/posts\/3797","targetHints":{"allow":["GET"]}}],"collection":[{"href":"https:\/\/vagas.portalemprego.com.br\/index.php?rest_route=\/wp\/v2\/posts"}],"about":[{"href":"https:\/\/vagas.portalemprego.com.br\/index.php?rest_route=\/wp\/v2\/types\/post"}],"author":[{"embeddable":true,"href":"https:\/\/vagas.portalemprego.com.br\/index.php?rest_route=\/wp\/v2\/users\/1"}],"replies":[{"embeddable":true,"href":"https:\/\/vagas.portalemprego.com.br\/index.php?rest_route=%2Fwp%2Fv2%2Fcomments&post=3797"}],"version-history":[{"count":0,"href":"https:\/\/vagas.portalemprego.com.br\/index.php?rest_route=\/wp\/v2\/posts\/3797\/revisions"}],"wp:attachment":[{"href":"https:\/\/vagas.portalemprego.com.br\/index.php?rest_route=%2Fwp%2Fv2%2Fmedia&parent=3797"}],"wp:term":[{"taxonomy":"category","embeddable":true,"href":"https:\/\/vagas.portalemprego.com.br\/index.php?rest_route=%2Fwp%2Fv2%2Fcategories&post=3797"},{"taxonomy":"post_tag","embeddable":true,"href":"https:\/\/vagas.portalemprego.com.br\/index.php?rest_route=%2Fwp%2Fv2%2Ftags&post=3797"}],"curies":[{"name":"wp","href":"https:\/\/api.w.org\/{rel}","templated":true}]}}