{"id":3807,"date":"2026-04-29T06:15:15","date_gmt":"2026-04-29T09:15:15","guid":{"rendered":"https:\/\/vagas.portalemprego.com.br\/?p=3807"},"modified":"2026-04-29T06:15:15","modified_gmt":"2026-04-29T09:15:15","slug":"tecnico-de-seguranca-do-trabalho-engenharia-rio-de-janeiro-6","status":"publish","type":"post","link":"https:\/\/vagas.portalemprego.com.br\/?p=3807","title":{"rendered":"T\u00e9cnico de Seguran\u00e7a do Trabalho &#8211; Engenharia &#8211; Rio de Janeiro"},"content":{"rendered":"<p>Estamos em busca de um T\u00e9cnico de Seguran\u00e7a do Trabalho qualificado para integrar nossa equipe em Fortaleza.<br \/>\nResponsabilidades<br \/>\nIdentifica\u00e7\u00e3o e an\u00e1lise de riscos;<br \/>\nElabora\u00e7\u00e3o e implementa\u00e7\u00e3o de pol\u00edticas de seguran\u00e7a;<br \/>\nTreinamento e conscientiza\u00e7\u00e3o;<br \/>\nControle e manuten\u00e7\u00e3o de equipamentos de seguran\u00e7a;<br \/>\nInvestiga\u00e7\u00e3o de acidentes de trabalho;<br \/>\nElabora\u00e7\u00e3o de relat\u00f3rios t\u00e9cnicos, laudos e pareceres sobre condi\u00e7\u00f5es de seguran\u00e7a e riscos ocupacionais;<br \/>\nAcompanhamento de normas regulamentadoras;<br \/>\nDemais atividades pertinentes ao cargo.<\/p>\n<ul>\n<li>Local de trabalho: Rio de Janeiro, RJ<\/li>\n<li>Regime de contrata\u00e7\u00e3o de tipo: Efetivo \u2013 CLT<\/li>\n<li>Jornada: Per\u00edodo Integral<\/li>\n<li>\u00c1rea e especializa\u00e7\u00e3o profissional: Engenharia &#8211; Engenharia de Seguran\u00e7a do Trabalho<\/li>\n<li>N\u00edvel hier\u00e1rquico: Assistente<\/li>\n<\/ul>\n<p>Escolaridade M\u00ednima: Curso T\u00e9cnico<\/p>\n<p>Forma\u00e7\u00e3o desejada:<\/p>\n<ul>\n<li>Seguran\u00e7a do trabalho, Curso T\u00e9cnico<\/li>\n<\/ul>\n<p>Habilita\u00e7\u00e3o para dirigir: B<\/p>\n<p>Disponibilidade para viajar<\/p>\n<ul>\n<li>Vale Alimenta\u00e7\u00e3o<\/li>\n<li>Plano de Sa\u00fade<\/li>\n<li>Plano Odontol\u00f3gico<\/li>\n<li>Seguro de Vida<\/li>\n<li>Wellhub<\/li>\n<li>Sesc<\/li>\n<\/ul>\n","protected":false},"excerpt":{"rendered":"<p>Estamos em busca de um T\u00e9cnico de Seguran\u00e7a do Trabalho qualificado para integrar nossa equipe em Fortaleza. Responsabilidades Identifica\u00e7\u00e3o e an\u00e1lise de riscos; Elabora\u00e7\u00e3o e implementa\u00e7\u00e3o de pol\u00edticas de seguran\u00e7a; Treinamento e conscientiza\u00e7\u00e3o; Controle e manuten\u00e7\u00e3o de equipamentos de seguran\u00e7a; Investiga\u00e7\u00e3o de acidentes de trabalho; Elabora\u00e7\u00e3o de relat\u00f3rios t\u00e9cnicos, laudos e pareceres sobre condi\u00e7\u00f5es de [&hellip;]<\/p>\n","protected":false},"author":1,"featured_media":0,"comment_status":"open","ping_status":"open","sticky":false,"template":"","format":"standard","meta":{"footnotes":""},"categories":[21],"tags":[],"class_list":["post-3807","post","type-post","status-publish","format-standard","hentry","category-rio-de-janeiro-rj"],"_links":{"self":[{"href":"https:\/\/vagas.portalemprego.com.br\/index.php?rest_route=\/wp\/v2\/posts\/3807","targetHints":{"allow":["GET"]}}],"collection":[{"href":"https:\/\/vagas.portalemprego.com.br\/index.php?rest_route=\/wp\/v2\/posts"}],"about":[{"href":"https:\/\/vagas.portalemprego.com.br\/index.php?rest_route=\/wp\/v2\/types\/post"}],"author":[{"embeddable":true,"href":"https:\/\/vagas.portalemprego.com.br\/index.php?rest_route=\/wp\/v2\/users\/1"}],"replies":[{"embeddable":true,"href":"https:\/\/vagas.portalemprego.com.br\/index.php?rest_route=%2Fwp%2Fv2%2Fcomments&post=3807"}],"version-history":[{"count":0,"href":"https:\/\/vagas.portalemprego.com.br\/index.php?rest_route=\/wp\/v2\/posts\/3807\/revisions"}],"wp:attachment":[{"href":"https:\/\/vagas.portalemprego.com.br\/index.php?rest_route=%2Fwp%2Fv2%2Fmedia&parent=3807"}],"wp:term":[{"taxonomy":"category","embeddable":true,"href":"https:\/\/vagas.portalemprego.com.br\/index.php?rest_route=%2Fwp%2Fv2%2Fcategories&post=3807"},{"taxonomy":"post_tag","embeddable":true,"href":"https:\/\/vagas.portalemprego.com.br\/index.php?rest_route=%2Fwp%2Fv2%2Ftags&post=3807"}],"curies":[{"name":"wp","href":"https:\/\/api.w.org\/{rel}","templated":true}]}}