{"id":3813,"date":"2026-04-29T06:15:15","date_gmt":"2026-04-29T09:15:15","guid":{"rendered":"https:\/\/vagas.portalemprego.com.br\/?p=3813"},"modified":"2026-04-29T06:15:15","modified_gmt":"2026-04-29T09:15:15","slug":"analista-da-qualidade-pleno-qualidade-resende","status":"publish","type":"post","link":"https:\/\/vagas.portalemprego.com.br\/?p=3813","title":{"rendered":"Analista da Qualidade Pleno &#8211; Qualidade &#8211; Resende"},"content":{"rendered":"<p>O Grupo Seres, em parceria com empresa multinacional do segmento de servi\u00e7os industriais, seleciona profissional para atuar na fun\u00e7\u00e3o de Analista da Qualidade Pleno.<\/p>\n<p>Atividades:<br \/>\nConduzir processo di\u00e1rio de tratativa de ocorr\u00eancias internas, avaliando cada material n\u00e3o conforme e definindo a sua disposi\u00e7\u00e3o;<br \/>\nConduzir processo de tratativa de reclama\u00e7\u00f5es ao fornecedor;<br \/>\nRealizar visitas t\u00e9cnicas no cliente, realizar conten\u00e7\u00e3o em seu estoque e apoi\u00e1-lo na disposi\u00e7\u00e3o dos materiais reclamados;<br \/>\nConduzir processo de tratativa de reclama\u00e7\u00f5es do cliente, realizando visitas t\u00e9cnicas e as a\u00e7\u00f5es de conten\u00e7\u00e3o nos estoques, conduzindo as reuni\u00f5es de an\u00e1lise de causa e participar das defini\u00e7\u00f5es de a\u00e7\u00f5es corretivas;<br \/>\nAcompanhar as a\u00e7\u00f5es corretivas e preventivas em andamento e avaliar a verifica\u00e7\u00e3o de efic\u00e1cia ap\u00f3s seu encerramento.<br \/>\nHor\u00e1rio de trabalho:<\/p>\n<p>Hor\u00e1rio:<br \/>\n7h00 \u00e0s 16h48<br \/>\nEscala: 5&#215;2, segunda \u00e0 sexta<br \/>\nModelo: Presencial<br \/>\nPrecisa possuir disponibilidade para ocasionais horas extras turnos diferentes.<\/p>\n<p>Local de trabalho:<br \/>\nResende, RJ &#8211; Brasil<\/p>\n<p>Requisitos Obrigat\u00f3rios:<br \/>\nEnsino Superior completo;<br \/>\nExperi\u00eancia em ind\u00fastria com an\u00e1lise de causa raiz e a\u00e7\u00f5es corretivas\/preventivas;<br \/>\nExperi\u00eancia em ind\u00fastria com auditorias e manuten\u00e7\u00e3o de certifica\u00e7\u00f5es (ISO, ATF);<br \/>\nConhecimento de metodologias de an\u00e1lise de causa raiz (9D, MASP, ISHIKAWA, e afins).<\/p>\n<p>Incentivamos candidaturas PCD, popula\u00e7\u00e3o negra, mulheres, LGBTQIAPN+.<\/p>\n<ul>\n<li>Local de trabalho: Resende, RJ<\/li>\n<li>Regime de contrata\u00e7\u00e3o de tipo: Efetivo \u2013 CLT<\/li>\n<li>Jornada: Per\u00edodo Integral<\/li>\n<li>\u00c1rea e especializa\u00e7\u00e3o profissional: Qualidade &#8211; Qualidade<\/li>\n<li>N\u00edvel hier\u00e1rquico: Analista<\/li>\n<\/ul>\n<p>Escolaridade M\u00ednima: Ensino Superior<\/p>\n","protected":false},"excerpt":{"rendered":"<p>O Grupo Seres, em parceria com empresa multinacional do segmento de servi\u00e7os industriais, seleciona profissional para atuar na fun\u00e7\u00e3o de Analista da Qualidade Pleno. Atividades: Conduzir processo di\u00e1rio de tratativa de ocorr\u00eancias internas, avaliando cada material n\u00e3o conforme e definindo a sua disposi\u00e7\u00e3o; Conduzir processo de tratativa de reclama\u00e7\u00f5es ao fornecedor; Realizar visitas t\u00e9cnicas no [&hellip;]<\/p>\n","protected":false},"author":1,"featured_media":0,"comment_status":"open","ping_status":"open","sticky":false,"template":"","format":"standard","meta":{"footnotes":""},"categories":[21],"tags":[],"class_list":["post-3813","post","type-post","status-publish","format-standard","hentry","category-rio-de-janeiro-rj"],"_links":{"self":[{"href":"https:\/\/vagas.portalemprego.com.br\/index.php?rest_route=\/wp\/v2\/posts\/3813","targetHints":{"allow":["GET"]}}],"collection":[{"href":"https:\/\/vagas.portalemprego.com.br\/index.php?rest_route=\/wp\/v2\/posts"}],"about":[{"href":"https:\/\/vagas.portalemprego.com.br\/index.php?rest_route=\/wp\/v2\/types\/post"}],"author":[{"embeddable":true,"href":"https:\/\/vagas.portalemprego.com.br\/index.php?rest_route=\/wp\/v2\/users\/1"}],"replies":[{"embeddable":true,"href":"https:\/\/vagas.portalemprego.com.br\/index.php?rest_route=%2Fwp%2Fv2%2Fcomments&post=3813"}],"version-history":[{"count":0,"href":"https:\/\/vagas.portalemprego.com.br\/index.php?rest_route=\/wp\/v2\/posts\/3813\/revisions"}],"wp:attachment":[{"href":"https:\/\/vagas.portalemprego.com.br\/index.php?rest_route=%2Fwp%2Fv2%2Fmedia&parent=3813"}],"wp:term":[{"taxonomy":"category","embeddable":true,"href":"https:\/\/vagas.portalemprego.com.br\/index.php?rest_route=%2Fwp%2Fv2%2Fcategories&post=3813"},{"taxonomy":"post_tag","embeddable":true,"href":"https:\/\/vagas.portalemprego.com.br\/index.php?rest_route=%2Fwp%2Fv2%2Ftags&post=3813"}],"curies":[{"name":"wp","href":"https:\/\/api.w.org\/{rel}","templated":true}]}}