{"id":3815,"date":"2026-04-29T06:15:15","date_gmt":"2026-04-29T09:15:15","guid":{"rendered":"https:\/\/vagas.portalemprego.com.br\/?p=3815"},"modified":"2026-04-29T06:15:15","modified_gmt":"2026-04-29T09:15:15","slug":"auxiliar-de-almoxarifado-hospitalar-compras-rio-de-janeiro","status":"publish","type":"post","link":"https:\/\/vagas.portalemprego.com.br\/?p=3815","title":{"rendered":"Auxiliar de Almoxarifado Hospitalar &#8211; Compras &#8211; Rio de Janeiro"},"content":{"rendered":"<p>Empresa nacional no segmento da sa\u00fade contrata Auxiliar de almoxarifado para atuar em uma das suas unidades hospitalares localizada na regi\u00e3o da Tijuca, RJ.<br \/>\nContrata\u00e7\u00e3o tempor\u00e1ria de 90 dias.<br \/>\nO profissional ir\u00e1 controlar e dispensar medicamentos e materiais t\u00e9cnicos conforme solicita\u00e7\u00e3o m\u00e9dica\/enfermagem, realizar entradas de Notas Fiscais em sistema espec\u00edfico, verificando o produto recebido com o pedido, efetuar confer\u00eancia do estoque sinalizando faltas e baixas, bem como condi\u00e7\u00f5es de armazenamento, providenciando a reposi\u00e7\u00e3o e corre\u00e7\u00e3o do modo de acondicionamento de acordo com as boas pr\u00e1ticas de estocagem, visando o controle dos produtos armazenados, inclusive controle de validades, a fim de permitir uma cobran\u00e7a eficaz dos mesmos.<\/p>\n<p>Sal\u00e1rio: R$ 1.650,48 + VT + VR (R$ 20 por dia)<br \/>\nEscala e Hor\u00e1rio: Segunda a Sexta (Seg a Qui das 09h \u00e0s 19h e Sex das 09h \u00e0s 18h)<br \/>\nPerfil esperado \/ requisitos<br \/>\nEnsino m\u00e9dio completo;<\/p>\n<ul>\n<li>Local de trabalho: Rio de Janeiro, RJ<\/li>\n<li>Regime de contrata\u00e7\u00e3o de tipo: Tempor\u00e1rio<\/li>\n<li>Jornada: Parcial tardes<\/li>\n<li>\u00c1rea e especializa\u00e7\u00e3o profissional: Compras &#8211; Almoxarifado<\/li>\n<li>N\u00edvel hier\u00e1rquico: Auxiliar<\/li>\n<\/ul>\n<p>VALORIZADO<\/p>\n<p>Tempo de experi\u00eancia: Sem experi\u00eancia<\/p>\n<p>HABILIDADES<\/p>\n<ul>\n<li>Dinamismo<\/li>\n<li>Comunica\u00e7\u00e3o<\/li>\n<li>Proatividade<\/li>\n<\/ul>\n<p>Escolaridade M\u00ednima: Ensino M\u00e9dio (2\u00ba Grau)<\/p>\n<ul>\n<li>VT<\/li>\n<li>VR<\/li>\n<\/ul>\n<p>Sal\u00e1rio: 1650,0<\/p>\n","protected":false},"excerpt":{"rendered":"<p>Empresa nacional no segmento da sa\u00fade contrata Auxiliar de almoxarifado para atuar em uma das suas unidades hospitalares localizada na regi\u00e3o da Tijuca, RJ. Contrata\u00e7\u00e3o tempor\u00e1ria de 90 dias. O profissional ir\u00e1 controlar e dispensar medicamentos e materiais t\u00e9cnicos conforme solicita\u00e7\u00e3o m\u00e9dica\/enfermagem, realizar entradas de Notas Fiscais em sistema espec\u00edfico, verificando o produto recebido com [&hellip;]<\/p>\n","protected":false},"author":1,"featured_media":0,"comment_status":"open","ping_status":"open","sticky":false,"template":"","format":"standard","meta":{"footnotes":""},"categories":[21],"tags":[],"class_list":["post-3815","post","type-post","status-publish","format-standard","hentry","category-rio-de-janeiro-rj"],"_links":{"self":[{"href":"https:\/\/vagas.portalemprego.com.br\/index.php?rest_route=\/wp\/v2\/posts\/3815","targetHints":{"allow":["GET"]}}],"collection":[{"href":"https:\/\/vagas.portalemprego.com.br\/index.php?rest_route=\/wp\/v2\/posts"}],"about":[{"href":"https:\/\/vagas.portalemprego.com.br\/index.php?rest_route=\/wp\/v2\/types\/post"}],"author":[{"embeddable":true,"href":"https:\/\/vagas.portalemprego.com.br\/index.php?rest_route=\/wp\/v2\/users\/1"}],"replies":[{"embeddable":true,"href":"https:\/\/vagas.portalemprego.com.br\/index.php?rest_route=%2Fwp%2Fv2%2Fcomments&post=3815"}],"version-history":[{"count":0,"href":"https:\/\/vagas.portalemprego.com.br\/index.php?rest_route=\/wp\/v2\/posts\/3815\/revisions"}],"wp:attachment":[{"href":"https:\/\/vagas.portalemprego.com.br\/index.php?rest_route=%2Fwp%2Fv2%2Fmedia&parent=3815"}],"wp:term":[{"taxonomy":"category","embeddable":true,"href":"https:\/\/vagas.portalemprego.com.br\/index.php?rest_route=%2Fwp%2Fv2%2Fcategories&post=3815"},{"taxonomy":"post_tag","embeddable":true,"href":"https:\/\/vagas.portalemprego.com.br\/index.php?rest_route=%2Fwp%2Fv2%2Ftags&post=3815"}],"curies":[{"name":"wp","href":"https:\/\/api.w.org\/{rel}","templated":true}]}}